{"id":1616,"date":"2023-09-22T18:35:41","date_gmt":"2023-09-22T18:35:41","guid":{"rendered":"http:\/\/christiancircassians.com\/tr\/?p=1616"},"modified":"2024-04-12T12:41:09","modified_gmt":"2024-04-12T12:41:09","slug":"kadin-peygamberler-kimlerdir","status":"publish","type":"post","link":"http:\/\/christiancircassians.com\/tr\/kadin-peygamberler-kimlerdir\/","title":{"rendered":"KADIN PEYGAMBERLER K\u0130MLERD\u0130R?"},"content":{"rendered":"<p><img fetchpriority=\"high\" decoding=\"async\" class=\"alignnone size-medium wp-image-1874\" src=\"http:\/\/christiancircassians.com\/tr\/wp-content\/uploads\/2023\/09\/02-KADIN-PEYGAMBERLER-KIMLERDIR-500x281.png\" alt=\"\" width=\"500\" height=\"281\" srcset=\"http:\/\/christiancircassians.com\/tr\/wp-content\/uploads\/2023\/09\/02-KADIN-PEYGAMBERLER-KIMLERDIR-500x281.png 500w, http:\/\/christiancircassians.com\/tr\/wp-content\/uploads\/2023\/09\/02-KADIN-PEYGAMBERLER-KIMLERDIR-768x431.png 768w, http:\/\/christiancircassians.com\/tr\/wp-content\/uploads\/2023\/09\/02-KADIN-PEYGAMBERLER-KIMLERDIR-800x450.png 800w, http:\/\/christiancircassians.com\/tr\/wp-content\/uploads\/2023\/09\/02-KADIN-PEYGAMBERLER-KIMLERDIR.png 811w\" sizes=\"(max-width: 500px) 100vw, 500px\" \/><\/p>\n<div class=\"x11i5rnm xat24cr x1mh8g0r x1vvkbs xtlvy1s x126k92a\">\n<div dir=\"auto\">\n<div class=\"wpb_column pos-top pos-center align_left column_parent col-lg-8 single-internal-gutter\">\n<div class=\"uncol style-light\">\n<div class=\"uncoltable\">\n<div class=\"uncell no-block-padding\">\n<div class=\"uncont\">\n<div class=\"uncode_text_column\">\n<h2>Kad\u0131n Peygamberler Var M\u0131d\u0131r?<\/h2>\n<p>Eski \u0130srail\u2019de, erken Yahudilikte ve birinci y\u00fczy\u0131ldaki kilisede peygamberler i\u00e7in sayg\u0131n bir yer ve konum vard\u0131. Miras ve gelenek yoluyla yerlerini kazanan h\u00fck\u00fcmdar ve rahiplerden farkl\u0131 olarak peygamberler, benzersiz yetenekleri nedeniyle yerlerini alm\u0131\u015flard\u0131r. Tanr\u0131\u2019dan i\u015fittiler ve i\u015fittiklerini de Tanr\u0131 i\u00e7in konu\u015ftular. Konu\u015fmalar\u0131 her zaman bir kehanet i\u00e7ermese de peygamberler Tanr\u0131 ile insanl\u0131k aras\u0131nda arac\u0131l\u0131k yapm\u0131\u015flard\u0131r.<\/p>\n<p>Kutsal Kitap\u2019ta \u00f6zellikle \u0130branice\u2019de (\u0130branice: <em>neviah<\/em>; Yunanca: <em>proph\u0113tis<\/em>) peygamber olarak a\u00e7\u0131k\u00e7a tan\u0131mlanan kad\u0131nlar vard\u0131r. \u015eimdi bu kad\u0131nlar\u0131n kim olduklar\u0131na bakaca\u011f\u0131z:<\/p>\n<\/div>\n<div class=\"uncode-single-media  text-left\">\n<div class=\"single-wrapper\">\n<div class=\"tmb tmb-light  tmb-media-first tmb-media-last tmb-content-overlay tmb-no-bg\">\n<div class=\"t-inside\">\n<div class=\"t-entry-visual\">\n<div class=\"t-entry-visual-tc\">\n<div class=\"uncode-single-media-wrapper\"><img decoding=\"async\" class=\"wp-image-86522 entered lazyloaded\" src=\"https:\/\/www.kutsalkitap.org\/wp-content\/uploads\/2022\/04\/kadin-peygamber-miryam.jpg\" sizes=\"(max-width: 1000px) 100vw, 1000px\" srcset=\"https:\/\/www.kutsalkitap.org\/wp-content\/uploads\/2022\/04\/kadin-peygamber-miryam.jpg 1000w, https:\/\/www.kutsalkitap.org\/wp-content\/uploads\/2022\/04\/kadin-peygamber-miryam-300x211.jpg 300w, https:\/\/www.kutsalkitap.org\/wp-content\/uploads\/2022\/04\/kadin-peygamber-miryam-768x541.jpg 768w, https:\/\/www.kutsalkitap.org\/wp-content\/uploads\/2022\/04\/kadin-peygamber-miryam-uai-210x148.jpg 210w, https:\/\/www.kutsalkitap.org\/wp-content\/uploads\/2022\/04\/kadin-peygamber-miryam-uai-250x176.jpg 250w, https:\/\/www.kutsalkitap.org\/wp-content\/uploads\/2022\/04\/kadin-peygamber-miryam-uai-360x253.jpg 360w, https:\/\/www.kutsalkitap.org\/wp-content\/uploads\/2022\/04\/kadin-peygamber-miryam-uai-480x338.jpg 480w, https:\/\/www.kutsalkitap.org\/wp-content\/uploads\/2022\/04\/kadin-peygamber-miryam-uai-720x507.jpg 720w, https:\/\/www.kutsalkitap.org\/wp-content\/uploads\/2022\/04\/kadin-peygamber-miryam-uai-945x665.jpg 945w\" alt=\"Kad\u0131n peygamberler\" width=\"1000\" height=\"704\" data-lazy-srcset=\"https:\/\/www.kutsalkitap.org\/wp-content\/uploads\/2022\/04\/kadin-peygamber-miryam.jpg 1000w, https:\/\/www.kutsalkitap.org\/wp-content\/uploads\/2022\/04\/kadin-peygamber-miryam-300x211.jpg 300w, https:\/\/www.kutsalkitap.org\/wp-content\/uploads\/2022\/04\/kadin-peygamber-miryam-768x541.jpg 768w, https:\/\/www.kutsalkitap.org\/wp-content\/uploads\/2022\/04\/kadin-peygamber-miryam-uai-210x148.jpg 210w, https:\/\/www.kutsalkitap.org\/wp-content\/uploads\/2022\/04\/kadin-peygamber-miryam-uai-250x176.jpg 250w, https:\/\/www.kutsalkitap.org\/wp-content\/uploads\/2022\/04\/kadin-peygamber-miryam-uai-360x253.jpg 360w, https:\/\/www.kutsalkitap.org\/wp-content\/uploads\/2022\/04\/kadin-peygamber-miryam-uai-480x338.jpg 480w, https:\/\/www.kutsalkitap.org\/wp-content\/uploads\/2022\/04\/kadin-peygamber-miryam-uai-720x507.jpg 720w, https:\/\/www.kutsalkitap.org\/wp-content\/uploads\/2022\/04\/kadin-peygamber-miryam-uai-945x665.jpg 945w\" data-lazy-sizes=\"(max-width: 1000px) 100vw, 1000px\" data-lazy-src=\"https:\/\/www.kutsalkitap.org\/wp-content\/uploads\/2022\/04\/kadin-peygamber-miryam.jpg\" data-ll-status=\"loaded\" \/><\/div>\n<\/div>\n<\/div>\n<\/div>\n<\/div>\n<\/div>\n<p>Miryam kurtulu\u015f ezgisi s\u00f6ylerken<\/p><\/div>\n<div class=\"uncode_text_column\">\n<h3>Miryam (Meryem)<\/h3>\n<p>Kutsal Kitap\u2019ta 5 kad\u0131n peygamber olarak tan\u0131mlan\u0131r ve bunlardan ilki Tevrat\u2019ta ge\u00e7en Miryam\u2019d\u0131r. Miryam, Musa Peygamber\u2019in ve ba\u015fk\u00e2hin Harun\u2019un ablas\u0131yd\u0131. \u00dc\u00e7 karde\u015fin hepsi peygamberdi ve \u00fc\u00e7\u00fc de liderdi.<\/p>\n<p>Tanr\u0131, halk\u0131na Mika Kitab\u0131\u2019nda i\u00e7lerinde Miryam\u2019\u0131n da bulundu\u011fu bu \u00fc\u00e7 karde\u015fin \u00f6nderliklerini hat\u0131rlat\u0131r:<\/p>\n<p><em>\u201cSeni M\u0131s\u0131r\u2019dan ben \u00e7\u0131kard\u0131m,<\/em><br \/>\n<em>Ben kurtard\u0131m seni k\u00f6lelik diyar\u0131ndan.<\/em><br \/>\n<em>Sana \u00f6nc\u00fcl\u00fck etsinler diye Musa\u2019y\u0131, Harun\u2019u, Miryam\u2019\u0131 ben g\u00f6nderdim.\u201d<\/em> Mika 6: 4<\/p>\n<p>Kutsal yaz\u0131lar, Miryam\u2019\u0131n peygamberlik mesajlar\u0131ndan hi\u00e7birini kaydetmez, ancak s\u00f6yledi\u011fi bir \u015fark\u0131y\u0131 kaydeder:<\/p>\n<p>Harun\u2019un k\u0131zkarde\u015fi Peygamber Miryam tefini eline ald\u0131, b\u00fct\u00fcn kad\u0131nlar teflerle, oynayarak onu izlediler. Miryam onlara \u015fu ezgiyi s\u00f6yledi:<\/p>\n<p><em>\u201cEzgiler sunun RAB\u2019be,<\/em><br \/>\n<em>\u00c7\u00fcnk\u00fc y\u00fcceldik\u00e7e y\u00fcceldi,<\/em><br \/>\n<em>Atlar\u0131, atl\u0131lar\u0131 denize d\u00f6kt\u00fc.\u201d<\/em> M\u0131s\u0131r\u2019dan \u00c7\u0131k\u0131\u015f 15: 20 \u2013 21<\/p>\n<p>Miryam\u2019dan Eski Antla\u015fma\u2019n\u0131n be\u015f kitab\u0131nda bahsedilir. Kutsal Kitap\u2019ta \u00e7e\u015fitli anlat\u0131lar, onun Tanr\u0131\u2019n\u0131n halk\u0131n\u0131n \u00e7ok sayg\u0131n bir \u00fcyesi oldu\u011funu g\u00f6steriyor. Miryam\u2019\u0131n peygamberlik eylemleri ve mesajlar\u0131 kaydedilmese bile bize onun bir peygamber ve lider oldu\u011funu anlat\u0131yor.<\/p>\n<h3>Debora<\/h3>\n<p>Debora, Kutsal Kitap\u2019\u0131n Hakimler kitab\u0131nda ad\u0131 ge\u00e7en tek kad\u0131n hakimdir. Ayn\u0131 zamanda bir peygamberdi.<\/p>\n<p>Hakimler \u0130srail halk\u0131n\u0131n Kenan \u00fclkesine girdikten sonra bir d\u00f6nem halka \u00f6nderlik eden ki\u015filere denir. Toplam 12 h\u00e2kim vard\u0131r ve bunlardan birisi, Debora bir kad\u0131nd\u0131r. Burada Tanr\u0131\u2019n\u0131n kad\u0131na verdi\u011fi \u00f6nemi bir kez daha g\u00f6rebiliriz.<\/p>\n<p>O s\u0131rada \u0130srail\u2019i Lappidot\u2019un kar\u0131s\u0131 Peygamber Debora y\u00f6netiyordu. Debora, Efrayim\u2019in da\u011fl\u0131k b\u00f6lgesinde, Rama ile Beytel aras\u0131ndaki hurma a\u011fac\u0131n\u0131n alt\u0131nda oturur, kendisine gelen \u0130srailliler\u2019in davalar\u0131na bakard\u0131.<\/p>\n<p>Di\u011fer hakimlerin \u00e7o\u011funun aksine Debora\u2019n\u0131n karakteri, yetenekleri veya eylemleri hakk\u0131nda k\u00f6t\u00fc bir s\u00f6z s\u00f6ylenmiyor. O, Tanr\u0131\u2019n\u0131n etkili bir s\u00f6zc\u00fcs\u00fcyd\u00fc ve peygamberlik niteli\u011findeki liderli\u011fi ordunun generali Barak\u2019a komuta etmeye kadar uzan\u0131yordu. \u00dcstelik, s\u00f6zlerinin pe\u015finden eylemlerle devam etmekten de korkmuyordu; Barak\u2019la sava\u015f alan\u0131na isteyerek girdi.<\/p>\n<p>Miryam gibi, Debora da kutsal metinlerde kay\u0131tl\u0131 bir zafer \u015fark\u0131s\u0131 s\u00f6yl\u00fcyor. (Hakimler 5: 1 \u2013 31) Miryam\u2019\u0131n aksine, Kutsal Kitap Debora\u2019n\u0131n peygamberlik niteli\u011findeki hizmetlerinden baz\u0131lar\u0131n\u0131 eylem halinde g\u00f6sterir.<\/p>\n<\/div>\n<div class=\"uncode-single-media  text-left\">\n<div class=\"single-wrapper\">\n<div class=\"tmb tmb-light  tmb-media-first tmb-media-last tmb-content-overlay tmb-no-bg\">\n<div class=\"t-inside\">\n<div class=\"t-entry-visual\">\n<div class=\"t-entry-visual-tc\">\n<div class=\"uncode-single-media-wrapper\"><img decoding=\"async\" class=\"wp-image-86523 entered lazyloaded\" src=\"https:\/\/www.kutsalkitap.org\/wp-content\/uploads\/2022\/04\/debora.jpg\" sizes=\"(max-width: 1000px) 100vw, 1000px\" srcset=\"https:\/\/www.kutsalkitap.org\/wp-content\/uploads\/2022\/04\/debora.jpg 1000w, https:\/\/www.kutsalkitap.org\/wp-content\/uploads\/2022\/04\/debora-300x193.jpg 300w, https:\/\/www.kutsalkitap.org\/wp-content\/uploads\/2022\/04\/debora-768x493.jpg 768w, https:\/\/www.kutsalkitap.org\/wp-content\/uploads\/2022\/04\/debora-uai-210x135.jpg 210w, https:\/\/www.kutsalkitap.org\/wp-content\/uploads\/2022\/04\/debora-uai-250x161.jpg 250w, https:\/\/www.kutsalkitap.org\/wp-content\/uploads\/2022\/04\/debora-uai-360x231.jpg 360w, https:\/\/www.kutsalkitap.org\/wp-content\/uploads\/2022\/04\/debora-uai-480x308.jpg 480w, https:\/\/www.kutsalkitap.org\/wp-content\/uploads\/2022\/04\/debora-uai-720x462.jpg 720w, https:\/\/www.kutsalkitap.org\/wp-content\/uploads\/2022\/04\/debora-uai-945x607.jpg 945w\" alt=\"Debora\" width=\"1000\" height=\"642\" data-lazy-srcset=\"https:\/\/www.kutsalkitap.org\/wp-content\/uploads\/2022\/04\/debora.jpg 1000w, https:\/\/www.kutsalkitap.org\/wp-content\/uploads\/2022\/04\/debora-300x193.jpg 300w, https:\/\/www.kutsalkitap.org\/wp-content\/uploads\/2022\/04\/debora-768x493.jpg 768w, https:\/\/www.kutsalkitap.org\/wp-content\/uploads\/2022\/04\/debora-uai-210x135.jpg 210w, https:\/\/www.kutsalkitap.org\/wp-content\/uploads\/2022\/04\/debora-uai-250x161.jpg 250w, https:\/\/www.kutsalkitap.org\/wp-content\/uploads\/2022\/04\/debora-uai-360x231.jpg 360w, https:\/\/www.kutsalkitap.org\/wp-content\/uploads\/2022\/04\/debora-uai-480x308.jpg 480w, https:\/\/www.kutsalkitap.org\/wp-content\/uploads\/2022\/04\/debora-uai-720x462.jpg 720w, https:\/\/www.kutsalkitap.org\/wp-content\/uploads\/2022\/04\/debora-uai-945x607.jpg 945w\" data-lazy-sizes=\"(max-width: 1000px) 100vw, 1000px\" data-lazy-src=\"https:\/\/www.kutsalkitap.org\/wp-content\/uploads\/2022\/04\/debora.jpg\" data-ll-status=\"loaded\" \/><\/div>\n<\/div>\n<\/div>\n<\/div>\n<\/div>\n<\/div>\n<p>Debora&#8217;n\u0131n \u00f6nderlik etti\u011fi Tabor Da\u011f\u0131 Sava\u015f\u0131<\/p><\/div>\n<div class=\"uncode_text_column\">\n<h3>Ye\u015faya Peygamber\u2019in Bahsetti\u011fi Kad\u0131n Peygamber<\/h3>\n<p>Ye\u015faya Peygamber\u2019in Ye\u015faya 8:3\u2019te bahsetti\u011fi kad\u0131n hakk\u0131nda neredeyse hi\u00e7bir \u015fey bilmiyoruz, ad\u0131n\u0131 bile bilmiyoruz. Ye\u015faya kad\u0131n peygamberden kar\u0131m diye bahsetmektedir:<\/p>\n<p><em>\u201cPeygamber olan kar\u0131m bundan bir s\u00fcre sonra gebe kald\u0131 ve bir erkek \u00e7ocuk do\u011furdu.\u201d<\/em> Ye\u015faya 8:3<\/p>\n<p>Ye\u015faya, bu kad\u0131n peygamberin do\u011furdu\u011fu o\u011fuldan ve sembolik ad\u0131ndan s\u00f6z eder:<\/p>\n<p>Ben ve RAB\u2019bin bana verdi\u011fi \u00e7ocuklar, Siyon Da\u011f\u0131\u2019nda oturan Her \u015eeye Egemen RAB\u2019bin \u0130srail\u2019deki belirtileri ve i\u015faretleriyiz. Ye\u015faya 8:18<\/p>\n<h3>Hulda<\/h3>\n<p>Bir di\u011fer kad\u0131n peygamber olan Hulda ile ilgili 2. Krallar 22:8-20 ve 2. Tarihler 34:1-28\u2019de tekrarlanan hikayeyi okuruz. Hikayeye g\u00f6re, Yahuda\u2019n\u0131n gen\u00e7 kral\u0131 Yo\u015fiya\u2019ya, uzun y\u0131llar unutulduktan sonra yasa kitab\u0131n\u0131 (Yasa\u2019n\u0131n Tekrar\u0131) ke\u015ffedildi\u011fi s\u00f6ylendi. Daha sonra Yo\u015fiya\u2019n\u0131n sekreteri ona tomar\u0131 okur.<\/p>\n<p>Tanr\u0131sal bir kral olan Yo\u015fiya duyduklar\u0131yla derinden ilgilenir, en \u00f6nemli adamlar\u0131ndan be\u015finden olu\u015fan bir heyeti g\u00f6revlendirir:<\/p>\n<p><em>\u201cGidin, bulunan bu kitab\u0131n s\u00f6zleri hakk\u0131nda benim i\u00e7in de, b\u00fct\u00fcn Yahuda halk\u0131 i\u00e7in de RAB\u2019be dan\u0131\u015f\u0131n.\u201d<\/em> (2.Krallar 22:13).<\/p>\n<p>Heyet do\u011frudan Hulda\u2019ya gider. Bu, kral ve adamlar\u0131 taraf\u0131ndan Hulda\u2019n\u0131n iyi tan\u0131nd\u0131\u011f\u0131n\u0131 ve sayg\u0131 duyuldu\u011funu g\u00f6sterir. Burada, Kral Hizkiya\u2019n\u0131n Ye\u015faya peygambere bir delegasyon g\u00f6ndermesi (Ye\u015faya 37:1-7) ve \u0130srail\u2019in baz\u0131 ihtiyarlar\u0131n\u0131n Rab\u2019den bilgi almak i\u00e7in peygamber Hezekiel\u2019e gitmesi (Hezekiel 20:1 ve devam\u0131) aras\u0131nda benzerlikler vard\u0131r.<\/p>\n<p>Yo\u015fiya\u2019n\u0131n adamlar\u0131 kral ve ulus ad\u0131na Hulda\u2019yla konu\u015fur. Ve Hulda cevap verir ve Rab\u2019bin ad\u0131na konu\u015fur. Baz\u0131lar\u0131 kay\u0131tl\u0131 olan peygamberli\u011finde \u00fc\u00e7 kez, \u201c<em>RAB \u015f\u00f6yle diyor\u2026<\/em>\u201d der.<\/p>\n<h3>Noadya<\/h3>\n<p>Noadya, Nehemya taraf\u0131ndan konu\u015fulan k\u0131sa bir duada ad\u0131yla an\u0131l\u0131r. Nehemya, Pers h\u00fck\u00fcmdar\u0131 I. Artah\u015fasta\u2019n\u0131n sakisiydi, ancak \u015fimdi I. Artah\u015fasta taraf\u0131ndan g\u00f6revlendirilen Yahuda valisiydi. Vali olarak, Nehemya herkesi memnun etmeyen yeni politikalar ve projeler ba\u015flatt\u0131. Bu projelerden biri Kud\u00fcs\u2019\u00fcn etraf\u0131na bir duvar in\u015fa etmekti.<\/p>\n<p>Noadya ve di\u011fer peygamberler Nehemya\u2019n\u0131n yapt\u0131klar\u0131na kar\u015f\u0131 \u00e7\u0131kt\u0131lar. Kutsal yaz\u0131lar bize peygamberlerin neyle ilgili bir sorunu oldu\u011funu s\u00f6ylemiyor, ancak Nehemya\u2019ya zor anlar ya\u015fatt\u0131klar\u0131 a\u00e7\u0131k.<\/p>\n<p>Nehemya tehdit edildi\u011fini hissetti ve yard\u0131m i\u00e7in Tanr\u0131\u2019ya dua etti:<\/p>\n<p><em>\u201cEy Tanr\u0131m, Toviya\u2019yla Sanballat\u2019\u0131n yapt\u0131\u011f\u0131 k\u00f6t\u00fcl\u00fc\u011f\u00fc unutma\u201d diye dua ettim, \u201cBeni korkutmak isteyen kad\u0131n peygamber Noadya\u2019yla \u00f6b\u00fcr peygamberlerin yapt\u0131klar\u0131n\u0131 da unutma.\u201d<\/em> (Nehemya 6:14).<\/p>\n<p>Noadya ve iki g\u00fc\u00e7l\u00fc adam, Ammonlu bir memur olan Tobiya ve Samiriye valisi Sanballat\u2019tan ayn\u0131 duada bahsedilir. Bu kesinlikle Noadya stat\u00fcs\u00fcn\u00fcn ve etkisinin bir g\u00f6stergesidir.<\/p>\n<p>Nehemya\u2019n\u0131n s\u00f6zleri ayn\u0131 zamanda onun di\u011fer peygamberler aras\u0131nda bir lider, belki de as\u0131l lider oldu\u011funu ima eder.<\/p>\n<p>Nehemya ile g\u00f6r\u00fc\u015f farkl\u0131l\u0131\u011f\u0131na ra\u011fmen, Noadya\u2019\u0131n sahte bir peygamber oldu\u011funa dair net bir belirti yok. Kar\u015f\u0131la\u015ft\u0131r\u0131ld\u0131\u011f\u0131nda, baz\u0131 kad\u0131nlar a\u00e7\u0131k\u00e7a yanl\u0131\u015f peygamberlik ediyor olarak tan\u0131mlan\u0131r ve kendileri de Tanr\u0131\u2019n\u0131n talimatlar\u0131na g\u00f6re Hezekiel taraf\u0131ndan kehanet edilir (Hezekiel 13:17-23).<\/p>\n<h3>Anna<\/h3>\n<p>\u0130ncil\u2019de ge\u00e7en kad\u0131n peygamberlerden Anna\u2019dan bahsedece\u011fiz. Anna, Luka M\u00fcjdesi\u2019nde Yeru\u015falim\u2019deki tap\u0131nakta zaman\u0131n\u0131 <em>\u201cgece g\u00fcnd\u00fcz oru\u00e7 ve dua ile ibadet ederek\u201d<\/em> (Luka 2:36-37) ge\u00e7iren bir peygamber olarak tan\u0131mlan\u0131r. Ya\u015fl\u0131 ve bekar, kocas\u0131n\u0131n y\u0131llar \u00f6nce \u00f6l\u00fcm\u00fcnden sonra yeniden evlenmemeyi se\u00e7iyor. Luka 2:37\u2019de Anna\u2019n\u0131n seksen d\u00f6rt ya\u015f\u0131nda m\u0131 yoksa seksen d\u00f6rt y\u0131l dul olarak m\u0131 ya\u015fam\u0131\u015f oldu\u011fu a\u00e7\u0131k de\u011fildir. Her iki durumda da \u00f6rnek bir ba\u011fl\u0131l\u0131\u011f\u0131n sayg\u0131de\u011fer bir kad\u0131n\u0131 olarak tasvir edilir.<\/p>\n<p>Luka, Anna\u2019y\u0131 \u015eimon\u2019un muadili olarak sunar: ikisi de ya\u015fl\u0131, dindar ve Kutsal Ruh\u2019un rehberli\u011findedir (Luka 2:25-35). Meryem do\u011fum yapt\u0131ktan sonra 40 g\u00fcnl\u00fck ar\u0131nma d\u00f6nemini tamamlad\u0131\u011f\u0131nda, Meryem ve Yusuf bebek \u0130sa\u2019y\u0131 takdim edilmek \u00fczere tap\u0131na\u011fa g\u00f6t\u00fcrd\u00fcler. \u015eimon oradad\u0131r, \u00e7ocu\u011fun kim oldu\u011funu tan\u0131r ve Meryem\u2019le peygamberlik eder gibi konu\u015fur. Simeon, Mesih\u2019i g\u00f6rd\u00fc\u011f\u00fc i\u00e7in \u00f6lmekten memnun ve mutludur, ancak Anna gelece\u011fe bakmaktad\u0131r. \u00c7ocu\u011fun kim oldu\u011funu da anlayan Anna, \u00e7ok daha geni\u015f bir kitleye peygamberce konu\u015fur.<\/p>\n<h3>Filipus\u2019un K\u0131zlar\u0131<\/h3>\n<p>Pentikost G\u00fcn\u00fc\u2019nde, kilisenin do\u011fumunda, Petrus peygamberlik hizmetini vurgulad\u0131:<\/p>\n<p><em>\u201cSon g\u00fcnlerde, diyor Tanr\u0131,<\/em><br \/>\n<em>B\u00fct\u00fcn insanlar\u0131n \u00fczerine Ruhum\u2019u d\u00f6kece\u011fim.<\/em><br \/>\n<em>O\u011fullar\u0131n\u0131z, k\u0131zlar\u0131n\u0131z peygamberlikte bulunacaklar.<\/em><br \/>\n<em>Gen\u00e7leriniz g\u00f6r\u00fcmler,<\/em><br \/>\n<em>Ya\u015fl\u0131lar\u0131n\u0131z d\u00fc\u015fler g\u00f6recek.<\/em><br \/>\n<em>O g\u00fcnler kad\u0131n erkek<\/em><br \/>\n<em>Kullar\u0131m\u0131n \u00fczerine Ruhum\u2019u d\u00f6kece\u011fim,<\/em><br \/>\n<em>Onlar da peygamberlik edecekler.\u201d<\/em> El\u00e7ilerin \u0130\u015fleri 2:17-18<\/p>\n<p>Bu k\u0131zlardan d\u00f6rd\u00fc El\u00e7ilerin \u0130\u015fleri 21:9\u2019da ge\u00e7mektedir:<\/p>\n<p><em>\u201cBu adam\u0131n peygamberlik eden, evlenmemi\u015f d\u00f6rt k\u0131z\u0131 vard\u0131.\u201d<\/em><\/p>\n<p>Bakire olmalar\u0131, Anna\u2019n\u0131n dul olarak ya\u015famay\u0131 se\u00e7erek yapt\u0131\u011f\u0131 gibi kendilerini hizmete adad\u0131klar\u0131n\u0131 g\u00f6sterir.<\/p>\n<\/div>\n<\/div>\n<\/div>\n<\/div>\n<\/div>\n<\/div>\n<\/div>\n<\/div>\n<div class=\"x11i5rnm xat24cr x1mh8g0r x1vvkbs xtlvy1s x126k92a\">\n<div dir=\"auto\"><\/div>\n<\/div>\n<div class=\"x11i5rnm xat24cr x1mh8g0r x1vvkbs xtlvy1s x126k92a\">\n<div dir=\"auto\">Kaynak\u00e7a: <a class=\"x1i10hfl xjbqb8w x6umtig x1b1mbwd xaqea5y xav7gou x9f619 x1ypdohk xt0psk2 xe8uvvx xdj266r x11i5rnm xat24cr x1mh8g0r xexx8yu x4uap5 x18d9i69 xkhd6sd x16tdsg8 x1hl2dhg xggy1nq x1a2a7pz xt0b8zv x1fey0fg\" tabindex=\"0\" role=\"link\" href=\"https:\/\/www.kutsalkitap.org\/?fbclid=IwAR1_2n3WHhlTw32tKXO83ElY0MWHvsXDhIsmp3cMPOLrZL6GXqd1Oa7nWCc\" target=\"_blank\" rel=\"nofollow noopener noreferrer\">www.kutsalkitap.org<\/a><\/div>\n<\/div>\n","protected":false},"excerpt":{"rendered":"<p>Kad&#305;n Peygamberler Var M&#305;d&#305;r? Eski &#304;srail&rsquo;de, erken Yahudilikte ve birinci y&uuml;zy&#305;ldaki kilisede peygamberler i&ccedil;in sayg&#305;n bir yer ve konum vard&#305;. Miras ve gelenek yoluyla yerlerini kazanan h&uuml;k&uuml;mdar ve rahiplerden farkl&#305; olarak peygamberler, benzersiz yetenekleri nedeniyle yerlerini alm&#305;&#351;lard&#305;r. Tanr&#305;&rsquo;dan i&#351;ittiler ve i&#351;ittiklerini de Tanr&#305; i&ccedil;in konu&#351;tular. Konu&#351;malar&#305; her zaman bir kehanet i&ccedil;ermese de peygamberler Tanr&#305; ile [&hellip;]<\/p>\n","protected":false},"author":1,"featured_media":0,"comment_status":"open","ping_status":"open","sticky":false,"template":"","format":"standard","meta":{"ocean_post_layout":"","ocean_both_sidebars_style":"","ocean_both_sidebars_content_width":0,"ocean_both_sidebars_sidebars_width":0,"ocean_sidebar":"0","ocean_second_sidebar":"0","ocean_disable_margins":"enable","ocean_add_body_class":"","ocean_shortcode_before_top_bar":"","ocean_shortcode_after_top_bar":"","ocean_shortcode_before_header":"","ocean_shortcode_after_header":"","ocean_has_shortcode":"","ocean_shortcode_after_title":"","ocean_shortcode_before_footer_widgets":"","ocean_shortcode_after_footer_widgets":"","ocean_shortcode_before_footer_bottom":"","ocean_shortcode_after_footer_bottom":"","ocean_display_top_bar":"default","ocean_display_header":"default","ocean_header_style":"","ocean_center_header_left_menu":"0","ocean_custom_header_template":"0","ocean_custom_logo":0,"ocean_custom_retina_logo":0,"ocean_custom_logo_max_width":0,"ocean_custom_logo_tablet_max_width":0,"ocean_custom_logo_mobile_max_width":0,"ocean_custom_logo_max_height":0,"ocean_custom_logo_tablet_max_height":0,"ocean_custom_logo_mobile_max_height":0,"ocean_header_custom_menu":"0","ocean_menu_typo_font_family":"0","ocean_menu_typo_font_subset":"","ocean_menu_typo_font_size":0,"ocean_menu_typo_font_size_tablet":0,"ocean_menu_typo_font_size_mobile":0,"ocean_menu_typo_font_size_unit":"px","ocean_menu_typo_font_weight":"","ocean_menu_typo_font_weight_tablet":"","ocean_menu_typo_font_weight_mobile":"","ocean_menu_typo_transform":"","ocean_menu_typo_transform_tablet":"","ocean_menu_typo_transform_mobile":"","ocean_menu_typo_line_height":0,"ocean_menu_typo_line_height_tablet":0,"ocean_menu_typo_line_height_mobile":0,"ocean_menu_typo_line_height_unit":"","ocean_menu_typo_spacing":0,"ocean_menu_typo_spacing_tablet":0,"ocean_menu_typo_spacing_mobile":0,"ocean_menu_typo_spacing_unit":"","ocean_menu_link_color":"","ocean_menu_link_color_hover":"","ocean_menu_link_color_active":"","ocean_menu_link_background":"","ocean_menu_link_hover_background":"","ocean_menu_link_active_background":"","ocean_menu_social_links_bg":"","ocean_menu_social_hover_links_bg":"","ocean_menu_social_links_color":"","ocean_menu_social_hover_links_color":"","ocean_disable_title":"default","ocean_disable_heading":"default","ocean_post_title":"","ocean_post_subheading":"","ocean_post_title_style":"","ocean_post_title_background_color":"","ocean_post_title_background":0,"ocean_post_title_bg_image_position":"","ocean_post_title_bg_image_attachment":"","ocean_post_title_bg_image_repeat":"","ocean_post_title_bg_image_size":"","ocean_post_title_height":0,"ocean_post_title_bg_overlay":0.5,"ocean_post_title_bg_overlay_color":"","ocean_disable_breadcrumbs":"default","ocean_breadcrumbs_color":"","ocean_breadcrumbs_separator_color":"","ocean_breadcrumbs_links_color":"","ocean_breadcrumbs_links_hover_color":"","ocean_display_footer_widgets":"default","ocean_display_footer_bottom":"default","ocean_custom_footer_template":"0","ocean_post_oembed":"","ocean_post_self_hosted_media":"","ocean_post_video_embed":"","ocean_link_format":"","ocean_link_format_target":"self","ocean_quote_format":"","ocean_quote_format_link":"post","ocean_gallery_link_images":"on","ocean_gallery_id":[],"footnotes":""},"categories":[10],"tags":[],"class_list":["post-1616","post","type-post","status-publish","format-standard","hentry","category-inancimizla-ilgili-makaleler","entry"],"_links":{"self":[{"href":"http:\/\/christiancircassians.com\/tr\/wp-json\/wp\/v2\/posts\/1616","targetHints":{"allow":["GET"]}}],"collection":[{"href":"http:\/\/christiancircassians.com\/tr\/wp-json\/wp\/v2\/posts"}],"about":[{"href":"http:\/\/christiancircassians.com\/tr\/wp-json\/wp\/v2\/types\/post"}],"author":[{"embeddable":true,"href":"http:\/\/christiancircassians.com\/tr\/wp-json\/wp\/v2\/users\/1"}],"replies":[{"embeddable":true,"href":"http:\/\/christiancircassians.com\/tr\/wp-json\/wp\/v2\/comments?post=1616"}],"version-history":[{"count":4,"href":"http:\/\/christiancircassians.com\/tr\/wp-json\/wp\/v2\/posts\/1616\/revisions"}],"predecessor-version":[{"id":3126,"href":"http:\/\/christiancircassians.com\/tr\/wp-json\/wp\/v2\/posts\/1616\/revisions\/3126"}],"wp:attachment":[{"href":"http:\/\/christiancircassians.com\/tr\/wp-json\/wp\/v2\/media?parent=1616"}],"wp:term":[{"taxonomy":"category","embeddable":true,"href":"http:\/\/christiancircassians.com\/tr\/wp-json\/wp\/v2\/categories?post=1616"},{"taxonomy":"post_tag","embeddable":true,"href":"http:\/\/christiancircassians.com\/tr\/wp-json\/wp\/v2\/tags?post=1616"}],"curies":[{"name":"wp","href":"https:\/\/api.w.org\/{rel}","templated":true}]}}