{"id":1625,"date":"2023-09-22T19:02:48","date_gmt":"2023-09-22T19:02:48","guid":{"rendered":"http:\/\/christiancircassians.com\/tr\/?p=1625"},"modified":"2024-04-12T13:48:11","modified_gmt":"2024-04-12T13:48:11","slug":"advent-ne-anlama-gelir","status":"publish","type":"post","link":"http:\/\/christiancircassians.com\/tr\/advent-ne-anlama-gelir\/","title":{"rendered":"ADVENT NE ANLAMA GEL\u0130R?"},"content":{"rendered":"<p><img fetchpriority=\"high\" decoding=\"async\" class=\"alignnone size-medium wp-image-1880\" src=\"http:\/\/christiancircassians.com\/tr\/wp-content\/uploads\/2023\/09\/05-ADVENT-NE-ANLAMA-GELIR-500x281.png\" alt=\"\" width=\"500\" height=\"281\" srcset=\"http:\/\/christiancircassians.com\/tr\/wp-content\/uploads\/2023\/09\/05-ADVENT-NE-ANLAMA-GELIR-500x281.png 500w, http:\/\/christiancircassians.com\/tr\/wp-content\/uploads\/2023\/09\/05-ADVENT-NE-ANLAMA-GELIR-768x431.png 768w, http:\/\/christiancircassians.com\/tr\/wp-content\/uploads\/2023\/09\/05-ADVENT-NE-ANLAMA-GELIR-800x450.png 800w, http:\/\/christiancircassians.com\/tr\/wp-content\/uploads\/2023\/09\/05-ADVENT-NE-ANLAMA-GELIR.png 811w\" sizes=\"(max-width: 500px) 100vw, 500px\" \/><\/p>\n<div class=\"x11i5rnm xat24cr x1mh8g0r x1vvkbs xtlvy1s x126k92a\">\n<div dir=\"auto\">\n<div class=\"wpb_column pos-top pos-center align_left column_parent col-lg-8 single-internal-gutter\">\n<div class=\"uncol style-light\">\n<div class=\"uncoltable\">\n<div class=\"uncell no-block-padding\">\n<div class=\"uncont\">\n<div class=\"uncode_text_column\">\n<h2>Advent Ne Anlama Gelir ve Neden \u00d6nemlidir?<\/h2>\n<p>Advent, Noel\u2019den \u00f6nceki d\u00f6rt Pazar veya haftay\u0131 kapsayan d\u00f6neme denir. Latince\u2019de \u201dgeli\u015f, gelme, varma\u201d gibi anlamlara gelir. Asl\u0131nda odaklan\u0131lan konu, \u0130sa Mesih\u2019in d\u00fcnyaya geli\u015fidir. Hristiyanlar Noel\u2019e haz\u0131rlanmak ve Noel\u2019i hat\u0131rlamak i\u00e7in d\u00f6rt haftadan olu\u015fan Advent sezonunu kullan\u0131lar.<\/p>\n<p>Hristiyanlar\u0131n Advent\u2019te tan\u0131mlad\u0131klar\u0131 \u201cgeli\u015f\u201d in \u00fc\u00e7 anlam\u0131 vard\u0131r. \u0130lk ve \u00fczerine en \u00e7ok d\u00fc\u015f\u00fcn\u00fclen, yakla\u015f\u0131k 2000 y\u0131l \u00f6nce \u0130sa Mesih\u2019in d\u00fcnyaya bir bebek olarak gelip, bir insan olarak ya\u015fay\u0131p ve bizim g\u00fcnahlar\u0131m\u0131z i\u00e7in \u00e7arm\u0131hta \u00f6lmesidir. \u0130kincisi, \u0130sa Mesih\u2019in \u015fimdi, bireysel hayat\u0131m\u0131za girmek istemesi ger\u00e7e\u011fidir. Ve \u00fc\u00e7\u00fcnc\u00fcs\u00fc gelecekte \u0130sa Mesih d\u00fcnyaya tekrar bir bebek olarak de\u011fil; bir Kral ve Yarg\u0131\u00e7 olarak geri d\u00f6nece\u011fi ger\u00e7e\u011fi ve buna ne kadar haz\u0131r oldu\u011fumuzla ilgilidir.<\/p>\n<\/div>\n<div class=\"uncode-single-media  text-left\">\n<div class=\"single-wrapper\">\n<div class=\"tmb tmb-light  tmb-media-first tmb-media-last tmb-content-overlay tmb-no-bg\">\n<div class=\"t-inside\">\n<div class=\"t-entry-visual\">\n<div class=\"t-entry-visual-tc\">\n<div class=\"uncode-single-media-wrapper\"><img decoding=\"async\" class=\"wp-image-86226 entered lazyloaded\" src=\"https:\/\/www.kutsalkitap.org\/wp-content\/uploads\/2021\/12\/advent-1440.jpg\" sizes=\"(max-width: 1440px) 100vw, 1440px\" srcset=\"https:\/\/www.kutsalkitap.org\/wp-content\/uploads\/2021\/12\/advent-1440.jpg 1440w, https:\/\/www.kutsalkitap.org\/wp-content\/uploads\/2021\/12\/advent-1440-300x169.jpg 300w, https:\/\/www.kutsalkitap.org\/wp-content\/uploads\/2021\/12\/advent-1440-1024x576.jpg 1024w, https:\/\/www.kutsalkitap.org\/wp-content\/uploads\/2021\/12\/advent-1440-768x432.jpg 768w, https:\/\/www.kutsalkitap.org\/wp-content\/uploads\/2021\/12\/advent-1440-uai-210x118.jpg 210w, https:\/\/www.kutsalkitap.org\/wp-content\/uploads\/2021\/12\/advent-1440-uai-250x141.jpg 250w, https:\/\/www.kutsalkitap.org\/wp-content\/uploads\/2021\/12\/advent-1440-uai-360x203.jpg 360w, https:\/\/www.kutsalkitap.org\/wp-content\/uploads\/2021\/12\/advent-1440-uai-480x270.jpg 480w, https:\/\/www.kutsalkitap.org\/wp-content\/uploads\/2021\/12\/advent-1440-uai-720x405.jpg 720w, https:\/\/www.kutsalkitap.org\/wp-content\/uploads\/2021\/12\/advent-1440-uai-945x532.jpg 945w, https:\/\/www.kutsalkitap.org\/wp-content\/uploads\/2021\/12\/advent-1440-uai-1032x581.jpg 1032w, https:\/\/www.kutsalkitap.org\/wp-content\/uploads\/2021\/12\/advent-1440-uai-1350x759.jpg 1350w\" alt=\"Advent Nedir?\" width=\"826\" height=\"464\" data-lazy-srcset=\"https:\/\/www.kutsalkitap.org\/wp-content\/uploads\/2021\/12\/advent-1440.jpg 1440w, https:\/\/www.kutsalkitap.org\/wp-content\/uploads\/2021\/12\/advent-1440-300x169.jpg 300w, https:\/\/www.kutsalkitap.org\/wp-content\/uploads\/2021\/12\/advent-1440-1024x576.jpg 1024w, https:\/\/www.kutsalkitap.org\/wp-content\/uploads\/2021\/12\/advent-1440-768x432.jpg 768w, https:\/\/www.kutsalkitap.org\/wp-content\/uploads\/2021\/12\/advent-1440-uai-210x118.jpg 210w, https:\/\/www.kutsalkitap.org\/wp-content\/uploads\/2021\/12\/advent-1440-uai-250x141.jpg 250w, https:\/\/www.kutsalkitap.org\/wp-content\/uploads\/2021\/12\/advent-1440-uai-360x203.jpg 360w, https:\/\/www.kutsalkitap.org\/wp-content\/uploads\/2021\/12\/advent-1440-uai-480x270.jpg 480w, https:\/\/www.kutsalkitap.org\/wp-content\/uploads\/2021\/12\/advent-1440-uai-720x405.jpg 720w, https:\/\/www.kutsalkitap.org\/wp-content\/uploads\/2021\/12\/advent-1440-uai-945x532.jpg 945w, https:\/\/www.kutsalkitap.org\/wp-content\/uploads\/2021\/12\/advent-1440-uai-1032x581.jpg 1032w, https:\/\/www.kutsalkitap.org\/wp-content\/uploads\/2021\/12\/advent-1440-uai-1350x759.jpg 1350w\" data-lazy-sizes=\"(max-width: 1440px) 100vw, 1440px\" data-lazy-src=\"https:\/\/www.kutsalkitap.org\/wp-content\/uploads\/2021\/12\/advent-1440.jpg\" data-ll-status=\"loaded\" \/><\/div>\n<\/div>\n<\/div>\n<\/div>\n<\/div>\n<\/div>\n<p>Advent, Noel&#8217;den \u00f6nceki d\u00f6rt Pazar veya haftay\u0131 kapsayan d\u00f6neme denir.<\/p><\/div>\n<div class=\"uncode_text_column\">\n<p>Hristiyanlar\u0131n Advent\u2019te tan\u0131mlad\u0131klar\u0131 \u201cgeli\u015f\u201d in \u00fc\u00e7 anlam\u0131 vard\u0131r. \u0130lk ve \u00fczerine en \u00e7ok d\u00fc\u015f\u00fcn\u00fclen, yakla\u015f\u0131k 2000 y\u0131l \u00f6nce \u0130sa Mesih\u2019in d\u00fcnyaya bir bebek olarak gelip, bir insan olarak ya\u015fay\u0131p ve bizim g\u00fcnahlar\u0131m\u0131z i\u00e7in \u00e7arm\u0131hta \u00f6lmesidir. \u0130kincisi, \u0130sa Mesih\u2019in \u015fimdi, bireysel hayat\u0131m\u0131za girmek istemesi ger\u00e7e\u011fidir. Ve \u00fc\u00e7\u00fcnc\u00fcs\u00fc gelecekte \u0130sa Mesih d\u00fcnyaya tekrar bir bebek olarak de\u011fil; bir Kral ve Yarg\u0131\u00e7 olarak geri d\u00f6nece\u011fi ger\u00e7e\u011fi ve buna ne kadar haz\u0131r oldu\u011fumuzla ilgilidir.<\/p>\n<h3>Hristiyanlar Advent Sezonunu Nas\u0131l Ge\u00e7irir?<\/h3>\n<p>Anma (ge\u00e7mi\u015f) ve beklentinin (gelecek) iki unsurunu dengelemek i\u00e7in, Advent\u2019teki ilk iki Pazar (16 Aral\u0131k\u2019a kadar) \u0130sa Mesih\u2019in ikinci geli\u015fini d\u00f6rt g\u00f6zle bekler ve son iki Pazar g\u00fcn\u00fc (17-24 Aral\u0131k) \u0130sa Mesih\u2019in ilk geli\u015fini hat\u0131rlamak i\u00e7in geriye bakar. D\u00f6rt hafta boyunca, Kutsal Kitap okumalar\u0131, Mesih\u2019in yarg\u0131lamak i\u00e7in ikinci geli\u015fi hakk\u0131ndaki b\u00f6l\u00fcmlerden ve \u0130sa Mesih\u2019in Vaftizci Yahya ve Melekler taraf\u0131ndan m\u00fcjdelenmesine kadar Eski ve Yeni Antla\u015fma ayetlerini kapsar.<\/p>\n<p>Liturjik takvimi takip eden Hristiyan mezhepler bu d\u00f6nemde Advent \u00e7elengi kullan\u0131rlar. Advent \u00e7elengi, k\u0131\u015f\u0131n ve \u00f6l\u00fcm\u00fcn ortas\u0131nda sonsuz ya\u015fam\u0131 simgeleyen, yaprak d\u00f6kmeyen a\u011fa\u00e7lardan yap\u0131lm\u0131\u015ft\u0131r. \u00c7ember bize Tanr\u0131\u2019n\u0131n bitmeyen sevgisini ve O\u2019nun m\u00fcmk\u00fcn k\u0131ld\u0131\u011f\u0131 sonsuz ya\u015fam\u0131 hat\u0131rlat\u0131r. Advent mumlar\u0131 genellikle yaprak d\u00f6kmeyen \u00e7elenk i\u00e7inde bulunur. Tabi farkl\u0131 bitki s\u00fcslemeleri de bazen eklenir. K\u0131rm\u0131z\u0131 renk, \u0130sa Mesih\u2019in kurban edilmesini ve \u00f6l\u00fcm\u00fcn\u00fc i\u015faret ediyor. \u00c7am kozalaklar\u0131, \u0130sa Mesih\u2019in dirili\u015fi arac\u0131l\u0131\u011f\u0131yla getirdi\u011fi yeni ya\u015fam\u0131 sembolize eder. Aileler Noel\u2019den \u00f6nceki d\u00f6rd\u00fcnc\u00fc Pazar g\u00fcn\u00fc bir mum yakmaya ba\u015flarlar ve sonraki her Pazar ba\u015fka bir mum yakarlar.<\/p>\n<p>Ancak en yayg\u0131n Advent mum gelene\u011fi d\u00f6rt mum i\u00e7erir. Noel\u2019den \u00f6nceki d\u00f6rt Pazar g\u00fcn\u00fcn\u00fcn her birinde yeni bir mum yak\u0131l\u0131r. Gelenekler de\u011fi\u015fse de her bir mum farkl\u0131 bir \u015feyi temsil eder. D\u00f6rt mum geleneksel olarak umut, inan\u00e7, sevin\u00e7 ve bar\u0131\u015f\u0131 temsil eder. Genellikle birinci, ikinci ve d\u00f6rd\u00fcnc\u00fc mumlar mor renktedir; \u00fc\u00e7\u00fcnc\u00fc mum g\u00fcl rengindedir. Bazen t\u00fcm mumlar k\u0131rm\u0131z\u0131d\u0131r; di\u011fer geleneklerde, d\u00f6rt mum da mavi veya beyazd\u0131r. Ayr\u0131ca be\u015finci bir beyaz mum ortas\u0131na yerle\u015ftirilir ve Noel G\u00fcn\u00fc\u2019nde \u0130sa\u2019n\u0131n do\u011fumunu kutlamak i\u00e7in yak\u0131l\u0131r.<\/p>\n<h3>Advent ve Hristiyan Ya\u015fam\u0131<\/h3>\n<p>Advent, kesinlikle bir kutlama ve Mesih\u2019in do\u011fumunu bekleme zaman\u0131 olsa da, asl\u0131nda bundan daha fazlas\u0131d\u0131r. Noel mucizesinin tam olarak anla\u015f\u0131lmas\u0131 ve benimsenmesi Advent\u2019in bir b\u00f6l\u00fcm\u00fcn\u00fc olu\u015fturur ve Hristiyan ya\u015fam\u0131n\u0131n yaln\u0131zca Noel \u0131\u015f\u0131\u011f\u0131nda bir anlam ifade etmesidir. Karl Barth, Mesih\u2019in ilk geli\u015finin yerine getirilmi\u015f vaadi ile hen\u00fcz ger\u00e7ekle\u015fmemi\u015f olan ikinci geli\u015finin vaadi aras\u0131nda \u015fu s\u00f6zleri kaleme alm\u0131\u015ft\u0131r: \u201cHen\u00fcz yerine gelmemi\u015f ve yerine gelmi\u015f vaatler, t\u0131pk\u0131 \u015fafak ve g\u00fcn do\u011fumu gibi birbiriyle ili\u015fkilidir. E\u011fer herhangi bir yerdeyse, o zaman iman tam olarak Mesih\u2019in geli\u015finin \u0131\u015f\u0131\u011f\u0131nda Advent inanc\u0131, gelecekteki vahiy beklentisi haline gelmi\u015ftir. Ama iman kimi ve neyi bekledi\u011fini bilir. Ger\u00e7ekle\u015fen imand\u0131r, \u00e7\u00fcnk\u00fc yerine getirilmi\u015f vaadine tutunur.\u201d<\/p>\n<\/div>\n<\/div>\n<\/div>\n<\/div>\n<\/div>\n<\/div>\n<\/div>\n<\/div>\n<div class=\"x11i5rnm xat24cr x1mh8g0r x1vvkbs xtlvy1s x126k92a\">\n<div dir=\"auto\"><\/div>\n<\/div>\n<div class=\"x11i5rnm xat24cr x1mh8g0r x1vvkbs xtlvy1s x126k92a\">\n<div dir=\"auto\">Kaynak\u00e7a: <a class=\"x1i10hfl xjbqb8w x6umtig x1b1mbwd xaqea5y xav7gou x9f619 x1ypdohk xt0psk2 xe8uvvx xdj266r x11i5rnm xat24cr x1mh8g0r xexx8yu x4uap5 x18d9i69 xkhd6sd x16tdsg8 x1hl2dhg xggy1nq x1a2a7pz xt0b8zv x1fey0fg\" tabindex=\"0\" role=\"link\" href=\"https:\/\/l.facebook.com\/l.php?u=https%3A%2F%2Fkutsalkitap.org%2F%3Ffbclid%3DIwAR1rI8Rix7zzHoZQVncfaR2aYkbou2IyIUO_PTmwPRtrm2bISbZHM5sKJSs&amp;h=AT36Tnis3eVmFK7SaxVkoJeXUXyr9RIRnJQJlWafntViKI03NM1X7oBSSmWpMvjIX1MIz7QRTQiFO70Ul78AzmTvXECcmDZzxHrxn45B2-XpxyHDXL9Vmbs42d6S0o4Y5J5A&amp;__tn__=-UK-R&amp;c[0]=AT0eRvWcN3uk3qg2X-NEBmDdq1-tKlvS8DposF918QFFBkZbSqjsBlFMx3rLFEVWunnBm8812qzvSRLqVPKzgnOGXD2Oy4nAfqdsjC2cC0C3rECz9Wqj5YbkM9ThpFwIFASdOeYfoa2Bj9bVuRlbjfT2xaXPIO98KV1aoem9x9mSng8MCS0\" target=\"_blank\" rel=\"nofollow noopener noreferrer\">kutsalkitap.org<\/a><\/div>\n<\/div>\n","protected":false},"excerpt":{"rendered":"<p>Advent Ne Anlama Gelir ve Neden &Ouml;nemlidir? Advent, Noel&rsquo;den &ouml;nceki d&ouml;rt Pazar veya haftay&#305; kapsayan d&ouml;neme denir. Latince&rsquo;de &rdquo;geli&#351;, gelme, varma&rdquo; gibi anlamlara gelir. Asl&#305;nda odaklan&#305;lan konu, &#304;sa Mesih&rsquo;in d&uuml;nyaya geli&#351;idir. Hristiyanlar Noel&rsquo;e haz&#305;rlanmak ve Noel&rsquo;i hat&#305;rlamak i&ccedil;in d&ouml;rt haftadan olu&#351;an Advent sezonunu kullan&#305;lar. Hristiyanlar&#305;n Advent&rsquo;te tan&#305;mlad&#305;klar&#305; &ldquo;geli&#351;&rdquo; in &uuml;&ccedil; anlam&#305; vard&#305;r. &#304;lk ve &uuml;zerine [&hellip;]<\/p>\n","protected":false},"author":1,"featured_media":0,"comment_status":"open","ping_status":"open","sticky":false,"template":"","format":"standard","meta":{"ocean_post_layout":"","ocean_both_sidebars_style":"","ocean_both_sidebars_content_width":0,"ocean_both_sidebars_sidebars_width":0,"ocean_sidebar":"0","ocean_second_sidebar":"0","ocean_disable_margins":"enable","ocean_add_body_class":"","ocean_shortcode_before_top_bar":"","ocean_shortcode_after_top_bar":"","ocean_shortcode_before_header":"","ocean_shortcode_after_header":"","ocean_has_shortcode":"","ocean_shortcode_after_title":"","ocean_shortcode_before_footer_widgets":"","ocean_shortcode_after_footer_widgets":"","ocean_shortcode_before_footer_bottom":"","ocean_shortcode_after_footer_bottom":"","ocean_display_top_bar":"default","ocean_display_header":"default","ocean_header_style":"","ocean_center_header_left_menu":"0","ocean_custom_header_template":"0","ocean_custom_logo":0,"ocean_custom_retina_logo":0,"ocean_custom_logo_max_width":0,"ocean_custom_logo_tablet_max_width":0,"ocean_custom_logo_mobile_max_width":0,"ocean_custom_logo_max_height":0,"ocean_custom_logo_tablet_max_height":0,"ocean_custom_logo_mobile_max_height":0,"ocean_header_custom_menu":"0","ocean_menu_typo_font_family":"0","ocean_menu_typo_font_subset":"","ocean_menu_typo_font_size":0,"ocean_menu_typo_font_size_tablet":0,"ocean_menu_typo_font_size_mobile":0,"ocean_menu_typo_font_size_unit":"px","ocean_menu_typo_font_weight":"","ocean_menu_typo_font_weight_tablet":"","ocean_menu_typo_font_weight_mobile":"","ocean_menu_typo_transform":"","ocean_menu_typo_transform_tablet":"","ocean_menu_typo_transform_mobile":"","ocean_menu_typo_line_height":0,"ocean_menu_typo_line_height_tablet":0,"ocean_menu_typo_line_height_mobile":0,"ocean_menu_typo_line_height_unit":"","ocean_menu_typo_spacing":0,"ocean_menu_typo_spacing_tablet":0,"ocean_menu_typo_spacing_mobile":0,"ocean_menu_typo_spacing_unit":"","ocean_menu_link_color":"","ocean_menu_link_color_hover":"","ocean_menu_link_color_active":"","ocean_menu_link_background":"","ocean_menu_link_hover_background":"","ocean_menu_link_active_background":"","ocean_menu_social_links_bg":"","ocean_menu_social_hover_links_bg":"","ocean_menu_social_links_color":"","ocean_menu_social_hover_links_color":"","ocean_disable_title":"default","ocean_disable_heading":"default","ocean_post_title":"","ocean_post_subheading":"","ocean_post_title_style":"","ocean_post_title_background_color":"","ocean_post_title_background":0,"ocean_post_title_bg_image_position":"","ocean_post_title_bg_image_attachment":"","ocean_post_title_bg_image_repeat":"","ocean_post_title_bg_image_size":"","ocean_post_title_height":0,"ocean_post_title_bg_overlay":0.5,"ocean_post_title_bg_overlay_color":"","ocean_disable_breadcrumbs":"default","ocean_breadcrumbs_color":"","ocean_breadcrumbs_separator_color":"","ocean_breadcrumbs_links_color":"","ocean_breadcrumbs_links_hover_color":"","ocean_display_footer_widgets":"default","ocean_display_footer_bottom":"default","ocean_custom_footer_template":"0","ocean_post_oembed":"","ocean_post_self_hosted_media":"","ocean_post_video_embed":"","ocean_link_format":"","ocean_link_format_target":"self","ocean_quote_format":"","ocean_quote_format_link":"post","ocean_gallery_link_images":"on","ocean_gallery_id":[],"footnotes":""},"categories":[10],"tags":[],"class_list":["post-1625","post","type-post","status-publish","format-standard","hentry","category-inancimizla-ilgili-makaleler","entry"],"_links":{"self":[{"href":"http:\/\/christiancircassians.com\/tr\/wp-json\/wp\/v2\/posts\/1625","targetHints":{"allow":["GET"]}}],"collection":[{"href":"http:\/\/christiancircassians.com\/tr\/wp-json\/wp\/v2\/posts"}],"about":[{"href":"http:\/\/christiancircassians.com\/tr\/wp-json\/wp\/v2\/types\/post"}],"author":[{"embeddable":true,"href":"http:\/\/christiancircassians.com\/tr\/wp-json\/wp\/v2\/users\/1"}],"replies":[{"embeddable":true,"href":"http:\/\/christiancircassians.com\/tr\/wp-json\/wp\/v2\/comments?post=1625"}],"version-history":[{"count":4,"href":"http:\/\/christiancircassians.com\/tr\/wp-json\/wp\/v2\/posts\/1625\/revisions"}],"predecessor-version":[{"id":3134,"href":"http:\/\/christiancircassians.com\/tr\/wp-json\/wp\/v2\/posts\/1625\/revisions\/3134"}],"wp:attachment":[{"href":"http:\/\/christiancircassians.com\/tr\/wp-json\/wp\/v2\/media?parent=1625"}],"wp:term":[{"taxonomy":"category","embeddable":true,"href":"http:\/\/christiancircassians.com\/tr\/wp-json\/wp\/v2\/categories?post=1625"},{"taxonomy":"post_tag","embeddable":true,"href":"http:\/\/christiancircassians.com\/tr\/wp-json\/wp\/v2\/tags?post=1625"}],"curies":[{"name":"wp","href":"https:\/\/api.w.org\/{rel}","templated":true}]}}