{"id":1656,"date":"2023-09-23T14:29:20","date_gmt":"2023-09-23T14:29:20","guid":{"rendered":"http:\/\/christiancircassians.com\/tr\/?p=1656"},"modified":"2024-04-12T22:11:25","modified_gmt":"2024-04-12T22:11:25","slug":"martin-luther-kimdir-reform-hareketleri-icin-neden-onemlidir","status":"publish","type":"post","link":"http:\/\/christiancircassians.com\/tr\/martin-luther-kimdir-reform-hareketleri-icin-neden-onemlidir\/","title":{"rendered":"MART\u0130N LUTHER K\u0130MD\u0130R? REFORM HAREKETLER\u0130 \u0130\u00c7\u0130N NEDEN \u00d6NEML\u0130D\u0130R?"},"content":{"rendered":"<p><img fetchpriority=\"high\" decoding=\"async\" class=\"alignnone size-medium wp-image-1898\" src=\"http:\/\/christiancircassians.com\/tr\/wp-content\/uploads\/2023\/09\/18-MARTIN-LUTHER-KIMDIR-REFORM-HAREKETLERI-ICIN-NEDEN-ONEMLIDIR-500x281.png\" alt=\"\" width=\"500\" height=\"281\" srcset=\"http:\/\/christiancircassians.com\/tr\/wp-content\/uploads\/2023\/09\/18-MARTIN-LUTHER-KIMDIR-REFORM-HAREKETLERI-ICIN-NEDEN-ONEMLIDIR-500x281.png 500w, http:\/\/christiancircassians.com\/tr\/wp-content\/uploads\/2023\/09\/18-MARTIN-LUTHER-KIMDIR-REFORM-HAREKETLERI-ICIN-NEDEN-ONEMLIDIR-768x431.png 768w, http:\/\/christiancircassians.com\/tr\/wp-content\/uploads\/2023\/09\/18-MARTIN-LUTHER-KIMDIR-REFORM-HAREKETLERI-ICIN-NEDEN-ONEMLIDIR-800x450.png 800w, http:\/\/christiancircassians.com\/tr\/wp-content\/uploads\/2023\/09\/18-MARTIN-LUTHER-KIMDIR-REFORM-HAREKETLERI-ICIN-NEDEN-ONEMLIDIR.png 811w\" sizes=\"(max-width: 500px) 100vw, 500px\" \/><\/p>\n<div class=\"x11i5rnm xat24cr x1mh8g0r x1vvkbs xtlvy1s x126k92a\">\n<div dir=\"auto\">\n<div class=\"uncode_text_column\">\n<h3>Martin Luther\u2019in Hayat\u0131 ve Hizmeti<\/h3>\n<p>Martin Luther, 16 yy\u2019da Avrupa\u2019da ya\u015fam\u0131\u015f olan bir ke\u015fi\u015fti ve Katolik Kilisesi\u2019nin yanl\u0131\u015f uygulamalar\u0131na kar\u015f\u0131 \u00e7\u0131k\u0131p bug\u00fcn Protestanl\u0131k ad\u0131n\u0131 verdi\u011fimiz mezhebin olu\u015fmas\u0131nda ilk ad\u0131mlar\u0131 atm\u0131\u015ft\u0131r. O hem insanl\u0131k hem de Hristiyanl\u0131k tarihi a\u00e7\u0131s\u0131ndan \u00e7ok \u00f6nemli bir karakterdir.<\/p>\n<h3>Martin Luther\u2019in Gen\u00e7li\u011fi<\/h3>\n<p>Martin Luther, 10 Kas\u0131m 1483\u2019te Almanya\u2019n\u0131n Eisleben kentinde do\u011fmu\u015ftur. Luther\u2019in do\u011fumundan k\u0131sa bir s\u00fcre sonra ailesi, Eisleben\u2019den 16 km kadar kuzeybat\u0131daki k\u00fc\u00e7\u00fck Mansfeld kasabas\u0131na ta\u015f\u0131nd\u0131. Yerel bak\u0131r ar\u0131tma i\u015finde ba\u015far\u0131l\u0131 olan babas\u0131 Hans Luther, 1492\u2019de Mansfeld\u2019in bir belediye meclisi \u00fcyesi oldu.<\/p>\n<p>Luther e\u011fitimine 1488 ilkbahar\u0131nda Mansfeld\u2019deki bir Latin okulunda ba\u015flad\u0131. Orada Latince\u2019de kapsaml\u0131 bir e\u011fitim ald\u0131. On Emir, Rab\u2019bin Duas\u0131, Havariler\u2019in \u0130krar\u0131, sabah ve ak\u015fam dualar\u0131n\u0131 \u00f6\u011frendi. 1497\u2019de Luther, yak\u0131ndaki Magdeburg\u2019a, Ortak Ya\u015fam\u0131n Karde\u015fleri\u2019nin i\u015fletti\u011fi bir okula, yani ki\u015fisel dindarl\u0131\u011fa vurgu yapt\u0131\u011f\u0131, onun \u00fczerinde kal\u0131c\u0131 bir etkisi olan bir okula kat\u0131lmak i\u00e7in g\u00f6nderildi. 1501 y\u0131l\u0131nda, o zaman Almanya\u2019n\u0131n en se\u00e7kin \u00fcniversitelerinden biri olan Erfurt \u00dcniversitesi\u2019nde e\u011fitim ald\u0131. Babas\u0131n\u0131n finansal ba\u015far\u0131s\u0131ndan dolayl\u0131 herhangi bir bursa ihtiyac\u0131 olmadan e\u011fitimine devam etmi\u015ftir. Luther 1502\u2019de lisans derecesini ald\u0131. \u00dc\u00e7 y\u0131l sonra y\u00fcksek lisans derecesi ald\u0131.<\/p>\n<\/div>\n<div class=\"uncode-single-media  text-left\">\n<div class=\"single-wrapper\">\n<div class=\"tmb tmb-light  tmb-media-first tmb-media-last tmb-content-overlay tmb-no-bg\">\n<div class=\"t-inside\">\n<div class=\"t-entry-visual\">\n<div class=\"t-entry-visual-tc\">\n<div class=\"uncode-single-media-wrapper\"><img decoding=\"async\" class=\"wp-image-82215 entered lazyloaded\" src=\"https:\/\/www.kutsalkitap.org\/wp-content\/uploads\/2020\/03\/martin-luther.jpg\" sizes=\"(max-width: 2000px) 100vw, 2000px\" srcset=\"https:\/\/www.kutsalkitap.org\/wp-content\/uploads\/2020\/03\/martin-luther.jpg 2000w, https:\/\/www.kutsalkitap.org\/wp-content\/uploads\/2020\/03\/martin-luther-300x169.jpg 300w, https:\/\/www.kutsalkitap.org\/wp-content\/uploads\/2020\/03\/martin-luther-1024x576.jpg 1024w, https:\/\/www.kutsalkitap.org\/wp-content\/uploads\/2020\/03\/martin-luther-768x432.jpg 768w, https:\/\/www.kutsalkitap.org\/wp-content\/uploads\/2020\/03\/martin-luther-1536x864.jpg 1536w, https:\/\/www.kutsalkitap.org\/wp-content\/uploads\/2020\/03\/martin-luther-uai-210x118.jpg 210w, https:\/\/www.kutsalkitap.org\/wp-content\/uploads\/2020\/03\/martin-luther-uai-250x141.jpg 250w, https:\/\/www.kutsalkitap.org\/wp-content\/uploads\/2020\/03\/martin-luther-uai-360x203.jpg 360w, https:\/\/www.kutsalkitap.org\/wp-content\/uploads\/2020\/03\/martin-luther-uai-480x270.jpg 480w, https:\/\/www.kutsalkitap.org\/wp-content\/uploads\/2020\/03\/martin-luther-uai-720x405.jpg 720w, https:\/\/www.kutsalkitap.org\/wp-content\/uploads\/2020\/03\/martin-luther-uai-945x532.jpg 945w, https:\/\/www.kutsalkitap.org\/wp-content\/uploads\/2020\/03\/martin-luther-uai-1032x581.jpg 1032w, https:\/\/www.kutsalkitap.org\/wp-content\/uploads\/2020\/03\/martin-luther-uai-1350x759.jpg 1350w, https:\/\/www.kutsalkitap.org\/wp-content\/uploads\/2020\/03\/martin-luther-uai-1500x844.jpg 1500w, https:\/\/www.kutsalkitap.org\/wp-content\/uploads\/2020\/03\/martin-luther-uai-1440x810.jpg 1440w\" alt=\"Martin Luther\" width=\"2000\" height=\"1125\" data-lazy-srcset=\"https:\/\/www.kutsalkitap.org\/wp-content\/uploads\/2020\/03\/martin-luther.jpg 2000w, https:\/\/www.kutsalkitap.org\/wp-content\/uploads\/2020\/03\/martin-luther-300x169.jpg 300w, https:\/\/www.kutsalkitap.org\/wp-content\/uploads\/2020\/03\/martin-luther-1024x576.jpg 1024w, https:\/\/www.kutsalkitap.org\/wp-content\/uploads\/2020\/03\/martin-luther-768x432.jpg 768w, https:\/\/www.kutsalkitap.org\/wp-content\/uploads\/2020\/03\/martin-luther-1536x864.jpg 1536w, https:\/\/www.kutsalkitap.org\/wp-content\/uploads\/2020\/03\/martin-luther-uai-210x118.jpg 210w, https:\/\/www.kutsalkitap.org\/wp-content\/uploads\/2020\/03\/martin-luther-uai-250x141.jpg 250w, https:\/\/www.kutsalkitap.org\/wp-content\/uploads\/2020\/03\/martin-luther-uai-360x203.jpg 360w, https:\/\/www.kutsalkitap.org\/wp-content\/uploads\/2020\/03\/martin-luther-uai-480x270.jpg 480w, https:\/\/www.kutsalkitap.org\/wp-content\/uploads\/2020\/03\/martin-luther-uai-720x405.jpg 720w, https:\/\/www.kutsalkitap.org\/wp-content\/uploads\/2020\/03\/martin-luther-uai-945x532.jpg 945w, https:\/\/www.kutsalkitap.org\/wp-content\/uploads\/2020\/03\/martin-luther-uai-1032x581.jpg 1032w, https:\/\/www.kutsalkitap.org\/wp-content\/uploads\/2020\/03\/martin-luther-uai-1350x759.jpg 1350w, https:\/\/www.kutsalkitap.org\/wp-content\/uploads\/2020\/03\/martin-luther-uai-1500x844.jpg 1500w, https:\/\/www.kutsalkitap.org\/wp-content\/uploads\/2020\/03\/martin-luther-uai-1440x810.jpg 1440w\" data-lazy-sizes=\"(max-width: 2000px) 100vw, 2000px\" data-lazy-src=\"https:\/\/www.kutsalkitap.org\/wp-content\/uploads\/2020\/03\/martin-luther.jpg\" data-ll-status=\"loaded\" \/><\/div>\n<\/div>\n<\/div>\n<\/div>\n<\/div>\n<\/div>\n<p>Martin Luther (Ressam: Lucas Cranach &#8211; 1530)<\/p><\/div>\n<div class=\"uncode_text_column\">\n<h3>E\u011fitim ve Ke\u015fi\u015fli\u011fe Ba\u015flamas\u0131:<\/h3>\n<p>Sanat fak\u00fcltesinden mezun olan Luther, \u00fc\u00e7 \u201cy\u00fcksek\u201d disiplinden (hukuk, t\u0131p veya teoloji) birinde lisans\u00fcst\u00fc \u00e7al\u0131\u015fmalar yapmaya ba\u015flad\u0131. Babas\u0131n\u0131n istekleri do\u011frultusunda hukuk \u00e7al\u0131\u015fmalar\u0131na ba\u015flad\u0131. Bununla birlikte, alt\u0131 haftadan daha k\u0131sa bir s\u00fcre sonra, 17 Temmuz 1505\u2019te Luther, hukuk \u00e7al\u0131\u015fmas\u0131n\u0131 terk etti. Aziz Augustin Ke\u015fi\u015f D\u00fczeni\u2019nin Erfurt\u2019taki manast\u0131r\u0131na girdi. Stotternheim k\u00f6y\u00fc yak\u0131nlar\u0131ndaki \u015fiddetli bir f\u0131rt\u0131na, onu hayatta kalmas\u0131 halinde istemeden bir ke\u015fi\u015f olmaya yemin edecek kadar korkutmu\u015ftu. Luther bu yeminini onurland\u0131rarak hukuk \u00e7al\u0131\u015fmalar\u0131n\u0131 b\u0131rak\u0131p manast\u0131ra ke\u015fi\u015f olmak i\u00e7in ba\u015fvurur. Luther\u2019in babas\u0131, manast\u0131r i\u00e7in sayg\u0131n ve kazan\u00e7l\u0131 olan hukuktan vazge\u00e7ti\u011fi i\u00e7in ona k\u0131zg\u0131nd\u0131.<\/p>\n<p>1505 y\u0131l\u0131nda Martin Luther\u2019in bulundu\u011fu manast\u0131r kendisini bir toplant\u0131 i\u00e7in Vatikan\u2019a g\u00f6nderdi. Vatikan\u2019a varan Luther, orada g\u00f6rd\u00fcklerinden pek ho\u015fnut kalmam\u0131\u015ft\u0131. Luther\u2019e g\u00f6re kilise ve etraf\u0131 yozla\u015fm\u0131\u015ft\u0131 ve bu durumdan olduk\u00e7a rahats\u0131zd\u0131. Kilise ruhsal bir otorite olmaktan \u00e7ok siyasi ve ekonomik bir g\u00fcce d\u00f6n\u00fc\u015fm\u00fc\u015ft\u00fc.<\/p>\n<p>Bu ziyaretin d\u00f6n\u00fc\u015f\u00fcnde ba\u011fl\u0131 oldu\u011fu manast\u0131r, Martin Luther\u2019i e\u011fitim ve \u00e7al\u0131\u015fmalar\u0131na devam etmesi i\u00e7in Wittenberg\u2019deki manast\u0131ra g\u00f6ndermi\u015ftir. Buradaki e\u011fitim sonras\u0131nda profes\u00f6rl\u00fck unvan\u0131 al\u0131p hem \u00f6\u011fretmeye hem de \u00e7al\u0131\u015fmalar\u0131na devam ediyordu.<\/p>\n<p>Bu \u00e7al\u0131\u015fmalar\u0131 s\u0131ras\u0131nda \u00f6zellikle Aziz Pavlus ve Aziz Augustin\u2019in iman vurgusu onun i\u00e7in d\u00f6n\u00fcm noktas\u0131 haline gelmi\u015fti. Kutsal Kitap\u2019ta \u00f6zellikle \u201cTanr\u0131\u2019n\u0131n insan\u0131 aklad\u0131\u011f\u0131, M\u00fcjde\u2019de a\u00e7\u0131klan\u0131r. Aklanma yaln\u0131z imanla olur. Yaz\u0131lm\u0131\u015f oldu\u011fu gibi, \u201c<em>\u0130manla aklanan ya\u015fayacakt\u0131r.<\/em>\u201d (Romal\u0131lar 1:17), \u201c<em>Tanr\u0131 kat\u0131nda hi\u00e7 kimsenin Yasa\u2019yla aklanmad\u0131\u011f\u0131 a\u00e7\u0131kt\u0131r. \u00c7\u00fcnk\u00fc \u0130manla aklanan ya\u015fayacakt\u0131r.<\/em>\u201d (Galatyal\u0131lar 3:11), \u201c<em>Do\u011fru adam\u0131m, imanla ya\u015fayacakt\u0131r. Ama geri \u00e7ekilirse, ondan ho\u015fnut olmayaca\u011f\u0131m.<\/em>\u201d (\u0130braniler 10:38) gibi ayetlerdeki imanla gelen kurtulu\u015f ya da imanla aklanma kavramlar\u0131 vurgusu Martin Luther\u2019in kilisenin uygulamalar\u0131na kar\u015f\u0131 bak\u0131\u015f a\u00e7\u0131s\u0131n\u0131 temelden de\u011fi\u015ftirmeye ba\u015flam\u0131\u015ft\u0131r.<\/p>\n<p>Kurtulu\u015f iyi i\u015flerle, duayla, oru\u00e7la, hacla, ikonlarla, yard\u0131mlarla, sakramentlerle veya herhangi bir eylemle de\u011fil, imanla gelir. Eylemelerimiz veya d\u00fc\u015f\u00fcncelerimizle kurtulu\u015fu hak edemeyiz, bu kadar iyi olamay\u0131z. Sadece iman edebiliriz. Dolay\u0131s\u0131yla Latince \u015fu mottoyu kullanm\u0131\u015ft\u0131r: \u201cSola Fide\u201d yani \u201cYaln\u0131z \u0130man\u201d.<\/p>\n<\/div>\n<div class=\"uncode-single-media  text-left\">\n<div class=\"single-wrapper\">\n<div class=\"tmb tmb-light  tmb-media-first tmb-media-last tmb-content-overlay tmb-no-bg\">\n<div class=\"t-inside\">\n<div class=\"t-entry-visual\">\n<div class=\"t-entry-visual-tc\">\n<div class=\"uncode-single-media-wrapper\"><img decoding=\"async\" class=\"wp-image-84934 entered lazyloaded\" src=\"https:\/\/www.kutsalkitap.org\/wp-content\/uploads\/2020\/03\/martin-luther-1.jpg\" sizes=\"(max-width: 1000px) 100vw, 1000px\" srcset=\"https:\/\/www.kutsalkitap.org\/wp-content\/uploads\/2020\/03\/martin-luther-1.jpg 1000w, https:\/\/www.kutsalkitap.org\/wp-content\/uploads\/2020\/03\/martin-luther-1-300x169.jpg 300w, https:\/\/www.kutsalkitap.org\/wp-content\/uploads\/2020\/03\/martin-luther-1-768x432.jpg 768w, https:\/\/www.kutsalkitap.org\/wp-content\/uploads\/2020\/03\/martin-luther-1-uai-210x118.jpg 210w, https:\/\/www.kutsalkitap.org\/wp-content\/uploads\/2020\/03\/martin-luther-1-uai-250x141.jpg 250w, https:\/\/www.kutsalkitap.org\/wp-content\/uploads\/2020\/03\/martin-luther-1-uai-360x203.jpg 360w, https:\/\/www.kutsalkitap.org\/wp-content\/uploads\/2020\/03\/martin-luther-1-uai-480x270.jpg 480w, https:\/\/www.kutsalkitap.org\/wp-content\/uploads\/2020\/03\/martin-luther-1-uai-720x405.jpg 720w, https:\/\/www.kutsalkitap.org\/wp-content\/uploads\/2020\/03\/martin-luther-1-uai-945x532.jpg 945w\" alt=\"Martin Luther\" width=\"1000\" height=\"563\" data-lazy-srcset=\"https:\/\/www.kutsalkitap.org\/wp-content\/uploads\/2020\/03\/martin-luther-1.jpg 1000w, https:\/\/www.kutsalkitap.org\/wp-content\/uploads\/2020\/03\/martin-luther-1-300x169.jpg 300w, https:\/\/www.kutsalkitap.org\/wp-content\/uploads\/2020\/03\/martin-luther-1-768x432.jpg 768w, https:\/\/www.kutsalkitap.org\/wp-content\/uploads\/2020\/03\/martin-luther-1-uai-210x118.jpg 210w, https:\/\/www.kutsalkitap.org\/wp-content\/uploads\/2020\/03\/martin-luther-1-uai-250x141.jpg 250w, https:\/\/www.kutsalkitap.org\/wp-content\/uploads\/2020\/03\/martin-luther-1-uai-360x203.jpg 360w, https:\/\/www.kutsalkitap.org\/wp-content\/uploads\/2020\/03\/martin-luther-1-uai-480x270.jpg 480w, https:\/\/www.kutsalkitap.org\/wp-content\/uploads\/2020\/03\/martin-luther-1-uai-720x405.jpg 720w, https:\/\/www.kutsalkitap.org\/wp-content\/uploads\/2020\/03\/martin-luther-1-uai-945x532.jpg 945w\" data-lazy-sizes=\"(max-width: 1000px) 100vw, 1000px\" data-lazy-src=\"https:\/\/www.kutsalkitap.org\/wp-content\/uploads\/2020\/03\/martin-luther-1.jpg\" data-ll-status=\"loaded\" \/><\/div>\n<\/div>\n<\/div>\n<\/div>\n<\/div>\n<\/div>\n<p>Martin Luther 95 Tezi kilise kap\u0131s\u0131na \u00e7iviler<\/p><\/div>\n<div class=\"uncode_text_column\">\n<h3>Martin Luther \u2013 Araf ve End\u00fcljans Sorunu<\/h3>\n<p>1517 y\u0131l\u0131nda Vatikan\u2019\u0131n g\u00f6nderdi\u011fi g\u00f6revli bir rahip olan Johann Tetzel Wittenburg\u2019a gelip End\u00fcljans satmas\u0131yla Martin Luther ve Katolik Kilisesi aras\u0131nda tart\u0131\u015fmalar ba\u015flar. Martin Luther kilisenin \u00f6zellikle iki \u00f6\u011fretisine kar\u015f\u0131 \u00e7\u0131k\u0131yordu: Araf ve End\u00fcljans. Bu iki terimi inceleyelim:<\/p>\n<p>Araf: Araf inanc\u0131 Katolik kilisesinde, imanl\u0131lar\u0131n \u00f6ld\u00fckten sonra, cennete gitmeden \u00f6nce g\u00fcnahlar\u0131n\u0131n bedelini \u00f6dedikleri ge\u00e7ici bir ar\u0131nd\u0131rma mekan\u0131 oldu\u011funa inan\u0131lan yer. Asl\u0131nda ilk kilisenin Araf konusunda \u00e7ok net bir doktrini olmamas\u0131na ra\u011fmen \u00f6zellikle 12. yy\u2019da Katolik doktrininin \u00f6nemli bir par\u00e7as\u0131 haline gelmi\u015ftir.<\/p>\n<p>End\u00fcljans: End\u00fcljans Papa\u2019n\u0131n yani kilisenin yetkisiyle bu ar\u0131nd\u0131rma cezalar\u0131n\u0131n hafifletilmesi belgesi vermesine denir. \u0130manl\u0131lar bu belgeyi para kar\u015f\u0131l\u0131\u011f\u0131 sat\u0131n alabiliyorlard\u0131. Bu \u015fekilde sevdiklerinin Araf\u2019taki s\u00fcresinin k\u0131salt\u0131lmas\u0131 i\u00e7in var\u0131n\u0131 yo\u011funu kiliseye veriyorlard\u0131. End\u00fcljans uygulamas\u0131 da ilk kilisede b\u00f6yle bir uygulama olmamas\u0131na ra\u011fmen Orta \u00c7a\u011f\u2019da ortaya \u00e7\u0131km\u0131\u015ft\u0131r. \u00d6zellikle, 11. ve 12. yy\u2019daki Papalar, Ha\u00e7l\u0131 Seferleri\u2019nde sava\u015facak askerlere hizmetlerinin kar\u015f\u0131l\u0131\u011f\u0131 olarak vermeye ba\u015flad\u0131lar. Sonras\u0131nda gelen Papa\u2019lar bu uygulaman\u0131n \u00e7er\u00e7evesini geni\u015fletip devam etmi\u015ftir.<\/p>\n<h3>Martin Luther ve Reformasyon Hareketleri<\/h3>\n<p>\u0130\u015fte 1517 y\u0131l\u0131nda rahip Johann Tetzel Papa\u2019n\u0131n verdi\u011fi g\u00f6revle Wittenberg\u2019de 3 Mark kar\u015f\u0131l\u0131\u011f\u0131nda End\u00fcljans satmak i\u00e7in gelmi\u015fti. Bu fiyat bir i\u015f\u00e7inin 6 ayl\u0131k birikimi anlam\u0131na geliyordu. Tam bu noktada 31 Ekim 1517\u2019de Martin Luther 95 maddelik bir tez haz\u0131rlar. Wittenberg Kilisesi\u2019nin kap\u0131s\u0131na \u00e7iviler. Katolik Kilisesi\u2019nin bu uygulamalar\u0131na \u015fiddetle kar\u015f\u0131 \u00e7\u0131kar. Bu durum tart\u0131\u015fmalar\u0131n etkisini geni\u015fletir ve bir\u00e7ok insan bu tart\u0131\u015fmalara dahil olur. Martin Luther de bu \u015fekilde \u00fcnlenmeye ba\u015flar. Luther\u2019in vurgulamak istedi\u011fi nokta kurtulu\u015fun sadece imandan geldi\u011fidir. Kilisenin \u00f6zellikle end\u00fcljanslarla bu konuda yetkisinin olmad\u0131\u011f\u0131yd\u0131. Kurtulu\u015f i\u00e7in \u0130sa Mesih ve \u00e7arm\u0131h yeterliydi. Herhangi bir rahibin bu konuda herhangi bir arac\u0131 olmas\u0131 gereksizdi. Martin Luther buna \u201cT\u00fcm imanl\u0131lar\u0131n kahinli\u011fi\u201d ad\u0131n\u0131 vermi\u015fti.<\/p>\n<p>Bu tart\u0131\u015fmalar alevlenirken 1521\u2019de Martin Luther\u2019in, Kutsal Roma \u2013 Germen \u0130mparatoru\u2019nun huzurunda bu tezini savunmas\u0131 isterler. O d\u00f6nemin imparatoru olan 5. Charles Luther\u2019in yan\u0131ld\u0131\u011f\u0131n\u0131 s\u00f6yleyerek tezini kabul etmez. Asl\u0131nda Luther\u2019den \u00f6nce de kilisenin bu uygulamalar\u0131na kar\u015f\u0131 \u00e7\u0131kanlar olmu\u015ftu; ancak bask\u0131 teknolojisinin o d\u00f6nem geli\u015fmi\u015f olmas\u0131 Luther\u2019in bu d\u00fc\u015f\u00fcncelerinin \u00f6nce t\u00fcm Almanya\u2019ya, sonras\u0131nda da t\u00fcm Avrupa\u2019ya yay\u0131lmas\u0131n\u0131 sa\u011flad\u0131. 95 maddelik tez 1517 ile 1526 y\u0131llar\u0131 aras\u0131nda binlerce kopya bas\u0131l\u0131p insanlara ula\u015fm\u0131\u015ft\u0131.<\/p>\n<p>Ancak Martin Luther\u2019in yapm\u0131\u015f oldu\u011fu ba\u015fka bir \u015fey bu k\u00fc\u00e7\u00fck \u00e7aptaki olaylar\u0131n daha geni\u015f \u00e7apta etkin olmas\u0131n\u0131 sa\u011flam\u0131\u015ft\u0131r. Luther Kutsal Kitap\u2019\u0131 Latince\u2019den Almanca\u2019ya \u00e7evirmi\u015ftir. Bu da Latince konu\u015famayan s\u0131radan halk\u0131n Kutsal Kitap okuyabilmesine yard\u0131mc\u0131 olmu\u015ftur. Her bir bireyin Tanr\u0131 S\u00f6z\u00fc\u2019ne ula\u015fabilmesini sa\u011flam\u0131\u015ft\u0131r. Matbaa\u2019n\u0131n da yard\u0131m\u0131yla binlerce kopya yay\u0131lmaya ba\u015flam\u0131\u015ft\u0131.<\/p>\n<\/div>\n<div class=\"uncode-single-media  text-left\">\n<div class=\"single-wrapper\">\n<div class=\"tmb tmb-light  tmb-media-first tmb-media-last tmb-content-overlay tmb-no-bg\">\n<div class=\"t-inside\">\n<div class=\"t-entry-visual\">\n<div class=\"t-entry-visual-tc\">\n<div class=\"uncode-single-media-wrapper\"><img loading=\"lazy\" decoding=\"async\" class=\"wp-image-84935 entered lazyloaded\" src=\"https:\/\/www.kutsalkitap.org\/wp-content\/uploads\/2020\/03\/Martin-Luther-Tartisma.jpg\" sizes=\"(max-width: 1000px) 100vw, 1000px\" srcset=\"https:\/\/www.kutsalkitap.org\/wp-content\/uploads\/2020\/03\/Martin-Luther-Tartisma.jpg 1000w, https:\/\/www.kutsalkitap.org\/wp-content\/uploads\/2020\/03\/Martin-Luther-Tartisma-300x155.jpg 300w, https:\/\/www.kutsalkitap.org\/wp-content\/uploads\/2020\/03\/Martin-Luther-Tartisma-768x398.jpg 768w, https:\/\/www.kutsalkitap.org\/wp-content\/uploads\/2020\/03\/Martin-Luther-Tartisma-uai-210x109.jpg 210w, https:\/\/www.kutsalkitap.org\/wp-content\/uploads\/2020\/03\/Martin-Luther-Tartisma-uai-250x130.jpg 250w, https:\/\/www.kutsalkitap.org\/wp-content\/uploads\/2020\/03\/Martin-Luther-Tartisma-uai-360x186.jpg 360w, https:\/\/www.kutsalkitap.org\/wp-content\/uploads\/2020\/03\/Martin-Luther-Tartisma-uai-480x249.jpg 480w, https:\/\/www.kutsalkitap.org\/wp-content\/uploads\/2020\/03\/Martin-Luther-Tartisma-uai-720x373.jpg 720w, https:\/\/www.kutsalkitap.org\/wp-content\/uploads\/2020\/03\/Martin-Luther-Tartisma-uai-945x490.jpg 945w\" alt=\"Martin Luther\" width=\"1000\" height=\"518\" data-lazy-srcset=\"https:\/\/www.kutsalkitap.org\/wp-content\/uploads\/2020\/03\/Martin-Luther-Tartisma.jpg 1000w, https:\/\/www.kutsalkitap.org\/wp-content\/uploads\/2020\/03\/Martin-Luther-Tartisma-300x155.jpg 300w, https:\/\/www.kutsalkitap.org\/wp-content\/uploads\/2020\/03\/Martin-Luther-Tartisma-768x398.jpg 768w, https:\/\/www.kutsalkitap.org\/wp-content\/uploads\/2020\/03\/Martin-Luther-Tartisma-uai-210x109.jpg 210w, https:\/\/www.kutsalkitap.org\/wp-content\/uploads\/2020\/03\/Martin-Luther-Tartisma-uai-250x130.jpg 250w, https:\/\/www.kutsalkitap.org\/wp-content\/uploads\/2020\/03\/Martin-Luther-Tartisma-uai-360x186.jpg 360w, https:\/\/www.kutsalkitap.org\/wp-content\/uploads\/2020\/03\/Martin-Luther-Tartisma-uai-480x249.jpg 480w, https:\/\/www.kutsalkitap.org\/wp-content\/uploads\/2020\/03\/Martin-Luther-Tartisma-uai-720x373.jpg 720w, https:\/\/www.kutsalkitap.org\/wp-content\/uploads\/2020\/03\/Martin-Luther-Tartisma-uai-945x490.jpg 945w\" data-lazy-sizes=\"(max-width: 1000px) 100vw, 1000px\" data-lazy-src=\"https:\/\/www.kutsalkitap.org\/wp-content\/uploads\/2020\/03\/Martin-Luther-Tartisma.jpg\" data-ll-status=\"loaded\" \/><\/div>\n<\/div>\n<\/div>\n<\/div>\n<\/div>\n<\/div>\n<p>Martin Luther&#8217;in din adamlar\u0131yla tart\u0131\u015fmas\u0131<\/p><\/div>\n<div class=\"uncode_text_column\">\n<h3>Reformasyon\u2019un D\u00fcnya \u00c7ap\u0131nda Etkileri<\/h3>\n<p>Asl\u0131nda Kutsal Kitap\u2019\u0131n bu kadar ula\u015f\u0131labilir olmas\u0131n\u0131n getirdi\u011fi g\u00fczel \u015feyler aras\u0131nda baz\u0131 zorluklar da olu\u015fmaya ba\u015flad\u0131. Kutsal Kitap\u2019taki baz\u0131 noktalarla ilgili farkl\u0131 farkl\u0131 yorumlar olu\u015fmaya ba\u015flad\u0131. Bu durum Avrupa\u2019y\u0131 bir nevi kaosa itmi\u015f oldu.<\/p>\n<p>1520 y\u0131l\u0131nda Papa, Martin Luther\u2019i aforoz etti. 1521 y\u0131l\u0131nda Martin Luther bir toplant\u0131ya davet ederler. Yazm\u0131\u015f oldu\u011fu kitaplar\u0131 tan\u0131mas\u0131n\u0131 ve sonras\u0131nda reddetmesi isterler. Martin Luther kitaplar\u0131 kendisinin yazd\u0131\u011f\u0131n\u0131 kabul eder ve biraz d\u00fc\u015f\u00fcnmesi i\u00e7in zaman ister. Ertesi g\u00fcn Martin Luther baz\u0131 kitaplar\u0131nda kullanm\u0131\u015f oldu\u011fu dilin uygunsuz olabilece\u011fini kabul etmekle birlikte kitaplar\u0131n\u0131n i\u00e7eri\u011fini reddetmeyece\u011fini bildirir. E\u011fer Kutsal Kitap ya da mant\u0131kla \u00e7eli\u015fmiyorsa s\u00f6ylediklerinin arkas\u0131nda duraca\u011f\u0131n\u0131 belirtmi\u015ftir ve \u015f\u00f6yle demi\u015fti:<\/p>\n<p>\u201c<em>Kutsal Yaz\u0131lar veya mant\u0131kl\u0131 bir sebeple ikna olmad\u0131k\u00e7a papalar\u0131n ve konseylerin otoritesini kabul etmiyorum, \u00e7\u00fcnk\u00fc birbirleriyle \u00e7eli\u015fiyorlar.<\/em> Vicdan\u0131m Tanr\u0131 S\u00f6z\u00fc\u2019ne esir. Vicdan aleyhine gidecek hi\u00e7bir \u015feyi kabul edemem ve etmeyece\u011fim, \u00e7\u00fcnk\u00fc bu ne do\u011fru ne de g\u00fcvenlidir. Tanr\u0131m bana yard\u0131m et. Amin.\u201d<\/p>\n<p>Kendisine atfedilen ba\u015fka bir s\u00f6z de \u015f\u00f6yledir: \u201c<em>\u0130\u015fte burada duruyorum. Ba\u015fka bir \u015fey yapamam. Tanr\u0131m bana yard\u0131m et! Amin.<\/em>\u201d<\/p>\n<p>Bu \u015fekilde Reformasyon hareketleri daha sonras\u0131nda protestolarla Protestan hareketine d\u00f6n\u00fc\u015fm\u00fc\u015ft\u00fcr. Ayr\u0131ca bir m\u00fcddet Avrupa\u2019da sosyo-ekonomik \u00e7alkant\u0131lara yol a\u00e7m\u0131\u015ft\u0131r. Bu hareketin kendi i\u00e7inde de farkl\u0131 g\u00f6r\u00fc\u015fler ortaya \u00e7\u0131km\u0131\u015ft\u0131r.<\/p>\n<p>Martin Luther 1525 y\u0131l\u0131nda evlenir ve aile kurar. 1545 y\u0131l\u0131nda da b\u00f6brek yetmezli\u011finden vefat eder. Martin Luther Reformasyon hareketlerini ba\u015flatmas\u0131yla d\u00fcnya ve kilise tarihine temelden etki etmi\u015ftir.<\/p>\n<\/div>\n<\/div>\n<\/div>\n<div class=\"x11i5rnm xat24cr x1mh8g0r x1vvkbs xtlvy1s x126k92a\">\n<div dir=\"auto\"><\/div>\n<\/div>\n<div class=\"x11i5rnm xat24cr x1mh8g0r x1vvkbs xtlvy1s x126k92a\">\n<div dir=\"auto\">Kaynak\u00e7a: <a class=\"x1i10hfl xjbqb8w x6umtig x1b1mbwd xaqea5y xav7gou x9f619 x1ypdohk xt0psk2 xe8uvvx xdj266r x11i5rnm xat24cr x1mh8g0r xexx8yu x4uap5 x18d9i69 xkhd6sd x16tdsg8 x1hl2dhg xggy1nq x1a2a7pz xt0b8zv x1fey0fg\" tabindex=\"0\" role=\"link\" href=\"https:\/\/l.facebook.com\/l.php?u=https%3A%2F%2Fwww.kutsalkitap.org%2F%3Ffbclid%3DIwAR1z6TntrDUzu8keGCgTW2W0MXi2xvsdxcIFKolqk18J719ZLRE7h62QVuU&amp;h=AT0-5dxk2AgxmlOc-aKm5JU9TWDC9KhV0u0ITyPeQV1ShrF_wlCCZKl5TlmizT8Hqkte5aqM0YB9J1EhiHmcYf3VkeUWV5PirgmnOngOqgCt5EtDC2V9CgjSgHERZmvS_dr0&amp;__tn__=-UK-R&amp;c[0]=AT24gwXCJHduCQyWct_XmqhowqGFf_GiGkH9WY6ihhknkqNNQIhQy3gvMqR_pzNpL0VSDEvyB9InELEFplr58YrkhXlytlnFoRkeEFEjmsM6RayD0dz7Ov1rfFBMplkdINQCuVv3lkhz0nHsNfhBHNDC8gt7CCMdzDm8tj_ZInyzxyJpuj0\" target=\"_blank\" rel=\"nofollow noopener noreferrer\">www.kutsalkitap.org<\/a><\/div>\n<\/div>\n","protected":false},"excerpt":{"rendered":"<p>Martin Luther&rsquo;in Hayat&#305; ve Hizmeti Martin Luther, 16 yy&rsquo;da Avrupa&rsquo;da ya&#351;am&#305;&#351; olan bir ke&#351;i&#351;ti ve Katolik Kilisesi&rsquo;nin yanl&#305;&#351; uygulamalar&#305;na kar&#351;&#305; &ccedil;&#305;k&#305;p bug&uuml;n Protestanl&#305;k ad&#305;n&#305; verdi&#287;imiz mezhebin olu&#351;mas&#305;nda ilk ad&#305;mlar&#305; atm&#305;&#351;t&#305;r. O hem insanl&#305;k hem de Hristiyanl&#305;k tarihi a&ccedil;&#305;s&#305;ndan &ccedil;ok &ouml;nemli bir karakterdir. Martin Luther&rsquo;in Gen&ccedil;li&#287;i Martin Luther, 10 Kas&#305;m 1483&rsquo;te Almanya&rsquo;n&#305;n Eisleben kentinde do&#287;mu&#351;tur. Luther&rsquo;in [&hellip;]<\/p>\n","protected":false},"author":1,"featured_media":0,"comment_status":"open","ping_status":"open","sticky":false,"template":"","format":"standard","meta":{"ocean_post_layout":"","ocean_both_sidebars_style":"","ocean_both_sidebars_content_width":0,"ocean_both_sidebars_sidebars_width":0,"ocean_sidebar":"0","ocean_second_sidebar":"0","ocean_disable_margins":"enable","ocean_add_body_class":"","ocean_shortcode_before_top_bar":"","ocean_shortcode_after_top_bar":"","ocean_shortcode_before_header":"","ocean_shortcode_after_header":"","ocean_has_shortcode":"","ocean_shortcode_after_title":"","ocean_shortcode_before_footer_widgets":"","ocean_shortcode_after_footer_widgets":"","ocean_shortcode_before_footer_bottom":"","ocean_shortcode_after_footer_bottom":"","ocean_display_top_bar":"default","ocean_display_header":"default","ocean_header_style":"","ocean_center_header_left_menu":"0","ocean_custom_header_template":"0","ocean_custom_logo":0,"ocean_custom_retina_logo":0,"ocean_custom_logo_max_width":0,"ocean_custom_logo_tablet_max_width":0,"ocean_custom_logo_mobile_max_width":0,"ocean_custom_logo_max_height":0,"ocean_custom_logo_tablet_max_height":0,"ocean_custom_logo_mobile_max_height":0,"ocean_header_custom_menu":"0","ocean_menu_typo_font_family":"0","ocean_menu_typo_font_subset":"","ocean_menu_typo_font_size":0,"ocean_menu_typo_font_size_tablet":0,"ocean_menu_typo_font_size_mobile":0,"ocean_menu_typo_font_size_unit":"px","ocean_menu_typo_font_weight":"","ocean_menu_typo_font_weight_tablet":"","ocean_menu_typo_font_weight_mobile":"","ocean_menu_typo_transform":"","ocean_menu_typo_transform_tablet":"","ocean_menu_typo_transform_mobile":"","ocean_menu_typo_line_height":0,"ocean_menu_typo_line_height_tablet":0,"ocean_menu_typo_line_height_mobile":0,"ocean_menu_typo_line_height_unit":"","ocean_menu_typo_spacing":0,"ocean_menu_typo_spacing_tablet":0,"ocean_menu_typo_spacing_mobile":0,"ocean_menu_typo_spacing_unit":"","ocean_menu_link_color":"","ocean_menu_link_color_hover":"","ocean_menu_link_color_active":"","ocean_menu_link_background":"","ocean_menu_link_hover_background":"","ocean_menu_link_active_background":"","ocean_menu_social_links_bg":"","ocean_menu_social_hover_links_bg":"","ocean_menu_social_links_color":"","ocean_menu_social_hover_links_color":"","ocean_disable_title":"default","ocean_disable_heading":"default","ocean_post_title":"","ocean_post_subheading":"","ocean_post_title_style":"","ocean_post_title_background_color":"","ocean_post_title_background":0,"ocean_post_title_bg_image_position":"","ocean_post_title_bg_image_attachment":"","ocean_post_title_bg_image_repeat":"","ocean_post_title_bg_image_size":"","ocean_post_title_height":0,"ocean_post_title_bg_overlay":0.5,"ocean_post_title_bg_overlay_color":"","ocean_disable_breadcrumbs":"default","ocean_breadcrumbs_color":"","ocean_breadcrumbs_separator_color":"","ocean_breadcrumbs_links_color":"","ocean_breadcrumbs_links_hover_color":"","ocean_display_footer_widgets":"default","ocean_display_footer_bottom":"default","ocean_custom_footer_template":"0","ocean_post_oembed":"","ocean_post_self_hosted_media":"","ocean_post_video_embed":"","ocean_link_format":"","ocean_link_format_target":"self","ocean_quote_format":"","ocean_quote_format_link":"post","ocean_gallery_link_images":"on","ocean_gallery_id":[],"footnotes":""},"categories":[10],"tags":[],"class_list":["post-1656","post","type-post","status-publish","format-standard","hentry","category-inancimizla-ilgili-makaleler","entry"],"_links":{"self":[{"href":"http:\/\/christiancircassians.com\/tr\/wp-json\/wp\/v2\/posts\/1656","targetHints":{"allow":["GET"]}}],"collection":[{"href":"http:\/\/christiancircassians.com\/tr\/wp-json\/wp\/v2\/posts"}],"about":[{"href":"http:\/\/christiancircassians.com\/tr\/wp-json\/wp\/v2\/types\/post"}],"author":[{"embeddable":true,"href":"http:\/\/christiancircassians.com\/tr\/wp-json\/wp\/v2\/users\/1"}],"replies":[{"embeddable":true,"href":"http:\/\/christiancircassians.com\/tr\/wp-json\/wp\/v2\/comments?post=1656"}],"version-history":[{"count":4,"href":"http:\/\/christiancircassians.com\/tr\/wp-json\/wp\/v2\/posts\/1656\/revisions"}],"predecessor-version":[{"id":3165,"href":"http:\/\/christiancircassians.com\/tr\/wp-json\/wp\/v2\/posts\/1656\/revisions\/3165"}],"wp:attachment":[{"href":"http:\/\/christiancircassians.com\/tr\/wp-json\/wp\/v2\/media?parent=1656"}],"wp:term":[{"taxonomy":"category","embeddable":true,"href":"http:\/\/christiancircassians.com\/tr\/wp-json\/wp\/v2\/categories?post=1656"},{"taxonomy":"post_tag","embeddable":true,"href":"http:\/\/christiancircassians.com\/tr\/wp-json\/wp\/v2\/tags?post=1656"}],"curies":[{"name":"wp","href":"https:\/\/api.w.org\/{rel}","templated":true}]}}