{"id":1666,"date":"2023-09-23T14:45:18","date_gmt":"2023-09-23T14:45:18","guid":{"rendered":"http:\/\/christiancircassians.com\/tr\/?p=1666"},"modified":"2024-04-12T22:39:53","modified_gmt":"2024-04-12T22:39:53","slug":"iyi-haber-nedir","status":"publish","type":"post","link":"http:\/\/christiancircassians.com\/tr\/iyi-haber-nedir\/","title":{"rendered":"\u0130Y\u0130 HABER NED\u0130R?"},"content":{"rendered":"<p><img fetchpriority=\"high\" decoding=\"async\" class=\"alignnone size-medium wp-image-1904\" src=\"http:\/\/christiancircassians.com\/tr\/wp-content\/uploads\/2023\/09\/24-IYI-HABER-NEDIR-500x281.png\" alt=\"\" width=\"500\" height=\"281\" srcset=\"http:\/\/christiancircassians.com\/tr\/wp-content\/uploads\/2023\/09\/24-IYI-HABER-NEDIR-500x281.png 500w, http:\/\/christiancircassians.com\/tr\/wp-content\/uploads\/2023\/09\/24-IYI-HABER-NEDIR-768x431.png 768w, http:\/\/christiancircassians.com\/tr\/wp-content\/uploads\/2023\/09\/24-IYI-HABER-NEDIR-800x450.png 800w, http:\/\/christiancircassians.com\/tr\/wp-content\/uploads\/2023\/09\/24-IYI-HABER-NEDIR.png 811w\" sizes=\"(max-width: 500px) 100vw, 500px\" \/><\/p>\n<div class=\"x11i5rnm xat24cr x1mh8g0r x1vvkbs xtlvy1s x126k92a\">\n<div dir=\"auto\">\n<div class=\"uncode_text_column\">\n<h3>Neye G\u00f6re \u0130yi Haber?<\/h3>\n<p>Bir haberi iyi haber yapan nedir? \u201c\u0130yi\u201d kavram\u0131 s\u00fcbjektif de\u011fil midir? Herhangi bir \u015feyin iyi olup olmamas\u0131, \u00e7o\u011fu zaman ki\u015fiden ki\u015fiye de\u011fi\u015fir. Ayn\u0131 \u015fey, \u201dhaber\u201d i\u00e7in de ge\u00e7erlidir. Birisi i\u00e7in iyi olan \u015fey ba\u015fkas\u0131 i\u00e7in k\u00f6t\u00fc olabilir. Bir ba\u015fkas\u0131 i\u00e7in de alakas\u0131z olabilir. Peki, \u201ciyi haber\u201d ger\u00e7ekten nedir?<\/p>\n<p>\u015e\u00f6yle \u00f6rnek verelim: Arjantin ve Brezilya ma\u00e7\u0131 oldu\u011funu d\u00fc\u015f\u00fcnelim. Arjantin ma\u00e7\u0131 kazan\u0131yor ve d\u00fcnya \u015fampiyonu oluyor. Bu haber Arjantinliler i\u00e7in iyidir; Brezilyal\u0131lar i\u00e7inse k\u00f6t\u00fcd\u00fcr. Arjantinli veya Brezilyal\u0131 olmayanlar ya da futbolla ilgilenmeyenler i\u00e7in ise alakas\u0131z bir haberdir.<\/p>\n<\/div>\n<div class=\"uncode-single-media  text-left\">\n<div class=\"single-wrapper\">\n<div class=\"tmb tmb-light  tmb-media-first tmb-media-last tmb-content-overlay tmb-no-bg\">\n<div class=\"t-inside\">\n<div class=\"t-entry-visual\">\n<div class=\"t-entry-visual-tc\">\n<div class=\"uncode-single-media-wrapper\"><img decoding=\"async\" class=\"wp-image-81533 entered lazyloaded\" src=\"https:\/\/www.kutsalkitap.org\/wp-content\/uploads\/2019\/10\/iyihaber.jpg\" sizes=\"(max-width: 1617px) 100vw, 1617px\" srcset=\"https:\/\/www.kutsalkitap.org\/wp-content\/uploads\/2019\/10\/iyihaber.jpg 1617w, https:\/\/www.kutsalkitap.org\/wp-content\/uploads\/2019\/10\/iyihaber-300x158.jpg 300w, https:\/\/www.kutsalkitap.org\/wp-content\/uploads\/2019\/10\/iyihaber-768x406.jpg 768w, https:\/\/www.kutsalkitap.org\/wp-content\/uploads\/2019\/10\/iyihaber-1024x541.jpg 1024w, https:\/\/www.kutsalkitap.org\/wp-content\/uploads\/2019\/10\/iyihaber-uai-210x111.jpg 210w, https:\/\/www.kutsalkitap.org\/wp-content\/uploads\/2019\/10\/iyihaber-uai-250x132.jpg 250w, https:\/\/www.kutsalkitap.org\/wp-content\/uploads\/2019\/10\/iyihaber-uai-360x190.jpg 360w, https:\/\/www.kutsalkitap.org\/wp-content\/uploads\/2019\/10\/iyihaber-uai-480x254.jpg 480w, https:\/\/www.kutsalkitap.org\/wp-content\/uploads\/2019\/10\/iyihaber-uai-720x380.jpg 720w, https:\/\/www.kutsalkitap.org\/wp-content\/uploads\/2019\/10\/iyihaber-uai-945x499.jpg 945w, https:\/\/www.kutsalkitap.org\/wp-content\/uploads\/2019\/10\/iyihaber-uai-1032x545.jpg 1032w, https:\/\/www.kutsalkitap.org\/wp-content\/uploads\/2019\/10\/iyihaber-uai-1350x713.jpg 1350w, https:\/\/www.kutsalkitap.org\/wp-content\/uploads\/2019\/10\/iyihaber-uai-1500x792.jpg 1500w\" alt=\"iyi haber\" width=\"1617\" height=\"854\" data-lazy-srcset=\"https:\/\/www.kutsalkitap.org\/wp-content\/uploads\/2019\/10\/iyihaber.jpg 1617w, https:\/\/www.kutsalkitap.org\/wp-content\/uploads\/2019\/10\/iyihaber-300x158.jpg 300w, https:\/\/www.kutsalkitap.org\/wp-content\/uploads\/2019\/10\/iyihaber-768x406.jpg 768w, https:\/\/www.kutsalkitap.org\/wp-content\/uploads\/2019\/10\/iyihaber-1024x541.jpg 1024w, https:\/\/www.kutsalkitap.org\/wp-content\/uploads\/2019\/10\/iyihaber-uai-210x111.jpg 210w, https:\/\/www.kutsalkitap.org\/wp-content\/uploads\/2019\/10\/iyihaber-uai-250x132.jpg 250w, https:\/\/www.kutsalkitap.org\/wp-content\/uploads\/2019\/10\/iyihaber-uai-360x190.jpg 360w, https:\/\/www.kutsalkitap.org\/wp-content\/uploads\/2019\/10\/iyihaber-uai-480x254.jpg 480w, https:\/\/www.kutsalkitap.org\/wp-content\/uploads\/2019\/10\/iyihaber-uai-720x380.jpg 720w, https:\/\/www.kutsalkitap.org\/wp-content\/uploads\/2019\/10\/iyihaber-uai-945x499.jpg 945w, https:\/\/www.kutsalkitap.org\/wp-content\/uploads\/2019\/10\/iyihaber-uai-1032x545.jpg 1032w, https:\/\/www.kutsalkitap.org\/wp-content\/uploads\/2019\/10\/iyihaber-uai-1350x713.jpg 1350w, https:\/\/www.kutsalkitap.org\/wp-content\/uploads\/2019\/10\/iyihaber-uai-1500x792.jpg 1500w\" data-lazy-sizes=\"(max-width: 1617px) 100vw, 1617px\" data-lazy-src=\"https:\/\/www.kutsalkitap.org\/wp-content\/uploads\/2019\/10\/iyihaber.jpg\" data-ll-status=\"loaded\" \/><\/div>\n<\/div>\n<\/div>\n<\/div>\n<\/div>\n<\/div>\n<p>Meryem&#8217;e melek taraf\u0131ndan duyurulan \u0130yi Haber<\/p><\/div>\n<div class=\"uncode_text_column\">\n<h3>\u0130ncil ve \u0130yi Haber:<\/h3>\n<p>\u0130ncil i\u00e7in orijinal dilde Evangelion, yani, M\u00fcjde ya da \u0130yi Haber kavramlar\u0131 kullan\u0131l\u0131r. O zaman \u0130ncil\u2019i \u0130yi Haber yapan \u015fey nedir?<\/p>\n<p>Hristiyan d\u00fcnya g\u00f6r\u00fc\u015f\u00fcne g\u00f6re iyi haber \u015fudur: 2000 y\u0131l \u00f6nce Tanr\u0131 \u00e7ok \u00f6nemli i\u015fler yapt\u0131 ve bunun sonucunda d\u00fcnya art\u0131k eskisi gibi de\u011fil. Herkes bu iyi habere ortak olmaya davetlidir.<\/p>\n<p>Peki Tanr\u0131 2000 y\u0131l \u00f6nce ne yapt\u0131? Tanr\u0131, \u0130sa Mesih\u2019in hizmeti, sadakati ve \u00e7arm\u0131htaki fedakarl\u0131\u011f\u0131 arac\u0131l\u0131\u011f\u0131yla insanlar\u0131 g\u00fcnahlar\u0131n\u0131n sonucundan kurtard\u0131. \u0130yi haberin merkezinde tam da bu var. D\u00fcnyan\u0131n yarat\u0131c\u0131s\u0131 Tanr\u0131, \u0130sa Mesih arac\u0131l\u0131\u011f\u0131yla \u00f6yle derin bir \u015fey yapt\u0131 ki d\u00fcnyan\u0131n i\u00e7erisinde bulundu\u011fu durumun tamamen de\u011fi\u015fmesi i\u00e7in ilk ve en b\u00fcy\u00fck ad\u0131m\u0131 att\u0131. \u0130nsan \u00f6z\u00fcn\u00fc alan Tanr\u0131 \u00e7arm\u0131hta g\u00fcnah\u0131n ve \u00f6l\u00fcm\u00fcn insanlar \u00fczerindeki yetkisini ve g\u00fcc\u00fcn\u00fc k\u0131rd\u0131. Bu \u015fekilde, daha sonra gelecek olan nesiller, bu i\u015flerin tam ortas\u0131nda yer alan \u0130sa Mesih\u2019e bak\u0131p O\u2019nda kal\u0131p bu iyi habere ortak olabiliyor.<\/p>\n<h3>\u0130yi Haberin Kayna\u011f\u0131:<\/h3>\n<p>\u0130yi haberin kayna\u011f\u0131nda, merkezinde \u0130sa Mesih vard\u0131r. \u0130sa Mesih\u2019in d\u00fcnyadaki hizmeti, mucizeleri, karakteri, \u00f6\u011freti\u015fleri, \u00e7arm\u0131htaki fedakarl\u0131\u011f\u0131, \u00f6l\u00fcm\u00fc ve dirili\u015fi vard\u0131r. Dolay\u0131s\u0131yla, \u0130sa Mesih\u2019i bu iyi haberden \u00e7\u0131kard\u0131\u011f\u0131m\u0131z zaman elimizde sadece bo\u015f teoriler, 2000 y\u0131l \u00f6nce olmu\u015f alakas\u0131z olaylar dizini kal\u0131yor. Bu iyi habere halen dinamik bir \u015fekilde bizi ortak eden as\u0131l kaynak, \u0130sa Mesih\u2019tir.<\/p>\n<h3>\u0130yi Haberi Kabul Etmek:<\/h3>\n<p>\u0130yi haberi kabul etmek d\u00fcnya g\u00f6r\u00fc\u015f\u00fcm\u00fcz\u00fc k\u00f6kten de\u011fi\u015ftirmek anlam\u0131na gelebilir, ki bu tabi ki de zor bir \u015feydir. Bunun i\u00e7in t\u00f6vbe etmemiz ve kendi yolumuzdan d\u00f6n\u00fcp \u0130sa Mesih\u2019in yoluna girmemiz gerekir. Dolay\u0131s\u0131yla, Yarat\u0131c\u0131m\u0131z\u0131n, g\u00fcnahlar\u0131m\u0131zdan d\u00f6n\u00fcp \u0130sa Mesih\u2019in \u00e7arm\u0131h\u0131 arac\u0131l\u0131\u011f\u0131yla g\u00fcnahlar\u0131m\u0131z\u0131n ba\u011f\u0131\u015flanmas\u0131 i\u00e7in bize t\u00f6vbe etme olana\u011f\u0131 vermesi, iyi haberin \u00f6nemli bir par\u00e7as\u0131d\u0131r.<\/p>\n<h3>\u0130yi Haber\u2019e Dahil Olmak:<\/h3>\n<p>\u0130yi haberin bir ba\u015fka boyutu da bizi buna dahil etmesidir. Peki iyi habere nas\u0131l dahil olabiliriz? \u0130yi haber sadece bizi daha iyi bir insan yapma amac\u0131 ta\u015f\u0131maz. Tabi ki hayat\u0131m\u0131za dikkat edip iyilik yapmal\u0131y\u0131z ve Tanr\u0131\u2019n\u0131n kurallar\u0131na uymal\u0131y\u0131z. Ancak Tanr\u0131, \u0130sa Mesih arac\u0131l\u0131\u011f\u0131yla yapt\u0131\u011f\u0131 inan\u0131lmaz i\u015flerinde bizi sad\u0131k bir hayata \u00e7a\u011f\u0131r\u0131r ve \u00a0en \u00f6nemlisi bize umut verir. \u00c7\u00fcnk\u00fc Tanr\u0131, \u0130sa Mesih\u2019le yeni \u015feyler yaparken bir \u015feyi hedefler. Bu da yaratm\u0131\u015f oldu\u011fu m\u00fckemmel yarat\u0131l\u0131\u015fa d\u00f6n\u00fc\u015f ve O\u2019nun egemenli\u011finde, O\u2019na benzer ya\u015famlar ya\u015famam\u0131z. Asl\u0131nda yery\u00fcz\u00fcnde O\u2019nun kahinler toplulu\u011fu olarak, O\u2019nun yarad\u0131l\u0131\u015f\u0131yla ilgilenip t\u00fcm yarat\u0131l\u0131\u015f\u0131 Tanr\u0131\u2019ya yakla\u015ft\u0131rmakt\u0131r. 2000 y\u0131l \u00f6nce \u00f6nemli olaylar oldu, bug\u00fcn bu ge\u00e7mi\u015fe dahil olup hayat\u0131m\u0131z\u0131 ona g\u00f6re ya\u015f\u0131yoruz; ancak ileride tamamen peki\u015fecek olan Tanr\u0131\u2019n\u0131n egemenli\u011fine bak\u0131yoruz.<\/p>\n<p>O halde siz bu iyi haberin neresinde yer al\u0131yorsunuz? Peki size bahsetti\u011fimiz bu d\u00f6n\u00fcm noktas\u0131 sizin i\u00e7in iyi bir haber mi, k\u00f6t\u00fc bir haber mi ya da alakas\u0131z bir haber mi?<\/p>\n<\/div>\n<\/div>\n<\/div>\n<div dir=\"auto\"><\/div>\n<div dir=\"auto\">Kaynak\u00e7a: <a class=\"x1i10hfl xjbqb8w x6umtig x1b1mbwd xaqea5y xav7gou x9f619 x1ypdohk xt0psk2 xe8uvvx xdj266r x11i5rnm xat24cr x1mh8g0r xexx8yu x4uap5 x18d9i69 xkhd6sd x16tdsg8 x1hl2dhg xggy1nq x1a2a7pz xt0b8zv x1fey0fg\" tabindex=\"0\" role=\"link\" href=\"https:\/\/l.facebook.com\/l.php?u=https%3A%2F%2Fwww.kutsalkitap.org%2F%3Ffbclid%3DIwAR1dgFA2KiigNck_2eiHcqVWIpZqJ8oXbTJqF7WPV8B6bOz4kA9w5TYBTuw&amp;h=AT0C5HtcvYUR9UDdaB3piulcqrYsrYESLIp99pykNp7tq111kc3tZJPGsRIKpP2t7PNWtpG_GBojn8h__512uuCiot8hm7cHvg2xU8G3tVcSKMVxcfBkwd1Zf4tDXybxFfqh&amp;__tn__=-UK-R&amp;c[0]=AT0ZqnhHka0kOG05F81nSbGyOJ3Z4yUydOfjEWmMPskRy06UIqObwQ4Goo5mCW-4RK9aJKFGiyu-dVEGHNUMAfdnPMtMlYq5KPelSHZpcCCZnFbJdFR-HB_nxKNDL1WUg6gjGbMJ0HBx3hOKv1z9wA1yAM73secNyV6wNPrl2_prJdLSvyQ\" target=\"_blank\" rel=\"nofollow noopener noreferrer\">www.kutsalkitap.org<\/a><\/div>\n","protected":false},"excerpt":{"rendered":"<p>Neye G&ouml;re &#304;yi Haber? Bir haberi iyi haber yapan nedir? &ldquo;&#304;yi&rdquo; kavram&#305; s&uuml;bjektif de&#287;il midir? Herhangi bir &#351;eyin iyi olup olmamas&#305;, &ccedil;o&#287;u zaman ki&#351;iden ki&#351;iye de&#287;i&#351;ir. Ayn&#305; &#351;ey, &rdquo;haber&rdquo; i&ccedil;in de ge&ccedil;erlidir. Birisi i&ccedil;in iyi olan &#351;ey ba&#351;kas&#305; i&ccedil;in k&ouml;t&uuml; olabilir. Bir ba&#351;kas&#305; i&ccedil;in de alakas&#305;z olabilir. Peki, &ldquo;iyi haber&rdquo; ger&ccedil;ekten nedir? &#350;&ouml;yle &ouml;rnek verelim: [&hellip;]<\/p>\n","protected":false},"author":1,"featured_media":0,"comment_status":"open","ping_status":"open","sticky":false,"template":"","format":"standard","meta":{"ocean_post_layout":"","ocean_both_sidebars_style":"","ocean_both_sidebars_content_width":0,"ocean_both_sidebars_sidebars_width":0,"ocean_sidebar":"0","ocean_second_sidebar":"0","ocean_disable_margins":"enable","ocean_add_body_class":"","ocean_shortcode_before_top_bar":"","ocean_shortcode_after_top_bar":"","ocean_shortcode_before_header":"","ocean_shortcode_after_header":"","ocean_has_shortcode":"","ocean_shortcode_after_title":"","ocean_shortcode_before_footer_widgets":"","ocean_shortcode_after_footer_widgets":"","ocean_shortcode_before_footer_bottom":"","ocean_shortcode_after_footer_bottom":"","ocean_display_top_bar":"default","ocean_display_header":"default","ocean_header_style":"","ocean_center_header_left_menu":"0","ocean_custom_header_template":"0","ocean_custom_logo":0,"ocean_custom_retina_logo":0,"ocean_custom_logo_max_width":0,"ocean_custom_logo_tablet_max_width":0,"ocean_custom_logo_mobile_max_width":0,"ocean_custom_logo_max_height":0,"ocean_custom_logo_tablet_max_height":0,"ocean_custom_logo_mobile_max_height":0,"ocean_header_custom_menu":"0","ocean_menu_typo_font_family":"0","ocean_menu_typo_font_subset":"","ocean_menu_typo_font_size":0,"ocean_menu_typo_font_size_tablet":0,"ocean_menu_typo_font_size_mobile":0,"ocean_menu_typo_font_size_unit":"px","ocean_menu_typo_font_weight":"","ocean_menu_typo_font_weight_tablet":"","ocean_menu_typo_font_weight_mobile":"","ocean_menu_typo_transform":"","ocean_menu_typo_transform_tablet":"","ocean_menu_typo_transform_mobile":"","ocean_menu_typo_line_height":0,"ocean_menu_typo_line_height_tablet":0,"ocean_menu_typo_line_height_mobile":0,"ocean_menu_typo_line_height_unit":"","ocean_menu_typo_spacing":0,"ocean_menu_typo_spacing_tablet":0,"ocean_menu_typo_spacing_mobile":0,"ocean_menu_typo_spacing_unit":"","ocean_menu_link_color":"","ocean_menu_link_color_hover":"","ocean_menu_link_color_active":"","ocean_menu_link_background":"","ocean_menu_link_hover_background":"","ocean_menu_link_active_background":"","ocean_menu_social_links_bg":"","ocean_menu_social_hover_links_bg":"","ocean_menu_social_links_color":"","ocean_menu_social_hover_links_color":"","ocean_disable_title":"default","ocean_disable_heading":"default","ocean_post_title":"","ocean_post_subheading":"","ocean_post_title_style":"","ocean_post_title_background_color":"","ocean_post_title_background":0,"ocean_post_title_bg_image_position":"","ocean_post_title_bg_image_attachment":"","ocean_post_title_bg_image_repeat":"","ocean_post_title_bg_image_size":"","ocean_post_title_height":0,"ocean_post_title_bg_overlay":0.5,"ocean_post_title_bg_overlay_color":"","ocean_disable_breadcrumbs":"default","ocean_breadcrumbs_color":"","ocean_breadcrumbs_separator_color":"","ocean_breadcrumbs_links_color":"","ocean_breadcrumbs_links_hover_color":"","ocean_display_footer_widgets":"default","ocean_display_footer_bottom":"default","ocean_custom_footer_template":"0","ocean_post_oembed":"","ocean_post_self_hosted_media":"","ocean_post_video_embed":"","ocean_link_format":"","ocean_link_format_target":"self","ocean_quote_format":"","ocean_quote_format_link":"post","ocean_gallery_link_images":"on","ocean_gallery_id":[],"footnotes":""},"categories":[10],"tags":[],"class_list":["post-1666","post","type-post","status-publish","format-standard","hentry","category-inancimizla-ilgili-makaleler","entry"],"_links":{"self":[{"href":"http:\/\/christiancircassians.com\/tr\/wp-json\/wp\/v2\/posts\/1666","targetHints":{"allow":["GET"]}}],"collection":[{"href":"http:\/\/christiancircassians.com\/tr\/wp-json\/wp\/v2\/posts"}],"about":[{"href":"http:\/\/christiancircassians.com\/tr\/wp-json\/wp\/v2\/types\/post"}],"author":[{"embeddable":true,"href":"http:\/\/christiancircassians.com\/tr\/wp-json\/wp\/v2\/users\/1"}],"replies":[{"embeddable":true,"href":"http:\/\/christiancircassians.com\/tr\/wp-json\/wp\/v2\/comments?post=1666"}],"version-history":[{"count":4,"href":"http:\/\/christiancircassians.com\/tr\/wp-json\/wp\/v2\/posts\/1666\/revisions"}],"predecessor-version":[{"id":3177,"href":"http:\/\/christiancircassians.com\/tr\/wp-json\/wp\/v2\/posts\/1666\/revisions\/3177"}],"wp:attachment":[{"href":"http:\/\/christiancircassians.com\/tr\/wp-json\/wp\/v2\/media?parent=1666"}],"wp:term":[{"taxonomy":"category","embeddable":true,"href":"http:\/\/christiancircassians.com\/tr\/wp-json\/wp\/v2\/categories?post=1666"},{"taxonomy":"post_tag","embeddable":true,"href":"http:\/\/christiancircassians.com\/tr\/wp-json\/wp\/v2\/tags?post=1666"}],"curies":[{"name":"wp","href":"https:\/\/api.w.org\/{rel}","templated":true}]}}