{"id":4322,"date":"2024-12-31T16:06:28","date_gmt":"2024-12-31T16:06:28","guid":{"rendered":"http:\/\/christiancircassians.com\/tr\/?p=4322"},"modified":"2025-03-04T17:44:19","modified_gmt":"2025-03-04T17:44:19","slug":"ofke-ne-zaman-gunahtir","status":"publish","type":"post","link":"http:\/\/christiancircassians.com\/tr\/ofke-ne-zaman-gunahtir\/","title":{"rendered":"\u00d6FKE NE ZAMAN G\u00dcNAHTIR"},"content":{"rendered":"<p><img fetchpriority=\"high\" decoding=\"async\" class=\"alignnone size-medium wp-image-4320\" src=\"http:\/\/christiancircassians.com\/tr\/wp-content\/uploads\/2024\/12\/98-Pastor-DECEN-Ihsan-Ozbek-OFKE-NE-ZAMAN-GUNAHTIR-500x281.png\" alt=\"\" width=\"500\" height=\"281\" srcset=\"http:\/\/christiancircassians.com\/tr\/wp-content\/uploads\/2024\/12\/98-Pastor-DECEN-Ihsan-Ozbek-OFKE-NE-ZAMAN-GUNAHTIR-500x281.png 500w, http:\/\/christiancircassians.com\/tr\/wp-content\/uploads\/2024\/12\/98-Pastor-DECEN-Ihsan-Ozbek-OFKE-NE-ZAMAN-GUNAHTIR-1024x576.png 1024w, http:\/\/christiancircassians.com\/tr\/wp-content\/uploads\/2024\/12\/98-Pastor-DECEN-Ihsan-Ozbek-OFKE-NE-ZAMAN-GUNAHTIR-768x432.png 768w, http:\/\/christiancircassians.com\/tr\/wp-content\/uploads\/2024\/12\/98-Pastor-DECEN-Ihsan-Ozbek-OFKE-NE-ZAMAN-GUNAHTIR-1536x864.png 1536w, http:\/\/christiancircassians.com\/tr\/wp-content\/uploads\/2024\/12\/98-Pastor-DECEN-Ihsan-Ozbek-OFKE-NE-ZAMAN-GUNAHTIR-800x450.png 800w, http:\/\/christiancircassians.com\/tr\/wp-content\/uploads\/2024\/12\/98-Pastor-DECEN-Ihsan-Ozbek-OFKE-NE-ZAMAN-GUNAHTIR.png 1920w\" sizes=\"(max-width: 500px) 100vw, 500px\" \/><\/p>\n<p>Bizim \u00fclkemizde ya\u015fayan insanlar\u0131n ruh halleri ve davran\u0131\u015f bi\u00e7imleri \u00fczerine konu\u015ftu\u011fumuzda baz\u0131 genellemeler yapar\u0131z. Mesela Akdenizli oldu\u011fumuzu s\u00f6yleriz. Akdenizli insanlar tezcanl\u0131d\u0131r. Aniden karar verirler, son derece hareketlidirler, sesleri \u00e7abucak y\u00fckselir.<\/p>\n<p>Neden b\u00f6yledir diye d\u00fc\u015f\u00fcnd\u00fc\u011f\u00fcmde, asl\u0131nda bunun denizle alakal\u0131 oldu\u011funu s\u00f6yl\u00fcyorum. Hava s\u0131cak, denizle i\u00e7 i\u00e7e ya\u015fayan insanlar genel bir k\u00fclt\u00fcrel atmosfer olu\u015fturmu\u015f. Yani insanlar heyecanl\u0131, \u00e7abuk karar veren, hareket eden, \u00e7abuk \u00f6fkelenen, bir k\u0131v\u0131lc\u0131m gibi parlayan insanlar.<\/p>\n<p>Ama Karadeniz\u2019e geldi\u011fimizde, Karadeniz\u2019de durum biraz daha farkl\u0131. Karadeniz\u2019de denizin o hareketlili\u011fi&#8230; Denizde ha\u015f\u0131r ne\u015fir olman\u0131n getirdi\u011fi tez canl\u0131l\u0131\u011f\u0131n \u00f6tesinde bir de da\u011f unsuru var. Da\u011flarda m\u00fccadele gerekiyor.<\/p>\n<p>Tepelere \u00e7\u0131kmak, onlarla u\u011fra\u015fmak, bir tepeden ba\u015fka bir tepeye do\u011fru gitmek, s\u00fcrekli bir m\u00fccadele i\u00e7inde olmak gerekiyor. \u0130nsanlar da\u011flarda k\u00fc\u00e7\u00fck k\u00fc\u00e7\u00fck evlerde, k\u00fc\u00e7\u00fck k\u00f6ylerde ya\u015f\u0131yorlar. \u015eehre indiklerinde asl\u0131nda o sahip olduklar\u0131 ruh hali ve davran\u0131\u015f bi\u00e7imleri \u00e7ok de\u011fi\u015fmiyor.<\/p>\n<p><strong>Karadeniz insan\u0131n\u0131n hem denizle hem de da\u011fla alakas\u0131 var.<\/strong><\/p>\n<p>O y\u00fczden ruh halleri \u00e7abucak de\u011fi\u015fiveriyor. Birdenbire, aniden bir bomban\u0131n patlad\u0131\u011f\u0131n\u0131 hissedebiliyorsun insanlar\u0131n hayat\u0131nda. Sohbet gayet uygun, yumu\u015fak bir \u015fekilde giderken, s\u00f6ylenen bir tek s\u00f6zle birdenbire ortal\u0131\u011f\u0131n kar\u0131\u015ft\u0131\u011f\u0131n\u0131 g\u00f6r\u00fcyoruz.<\/p>\n<p><strong>\u00d6fke patlamalar\u0131 insanlar\u0131n hayat\u0131nda \u00e7ok s\u0131k g\u00f6r\u00fcl\u00fcyor.<\/strong><\/p>\n<p>\u0130nsanlar birdenbire, asl\u0131nda daha sonra pi\u015fman olacaklar\u0131 bir\u00e7ok \u015fey yap\u0131yorlar, bir\u00e7ok \u015fey s\u00f6yl\u00fcyorlar.<\/p>\n<p>Genel olarak bu&#8230; Karadeniz insan\u0131n\u0131n davran\u0131\u015f bi\u00e7imlerinde g\u00f6z\u00fck\u00fcyor. Birdenbire k\u0131v\u0131lc\u0131m gibi parlamak.<\/p>\n<p><strong>Asl\u0131nda y\u00fcre\u011fi yumu\u015fakt\u0131r Karadeniz insan\u0131n\u0131n.<\/strong><\/p>\n<p>Merhametlidir. Bu \u00f6fke patlamas\u0131ndan bir s\u00fcre sonra yap\u0131landan vazge\u00e7iliyor. \u201cKe\u015fke yapmasayd\u0131m.\u201d deniyor, pi\u015fman olunuyor.<\/p>\n<p>Ama \u00f6fke patlamalar\u0131 s\u00fcrekli devam ettik\u00e7e, insanlar hakk\u0131nda olumsuz, k\u00f6t\u00fc d\u00fc\u015f\u00fcnceler s\u00fcrd\u00fck\u00e7e, \u00f6fke insan\u0131n hayat\u0131nda daha \u00e7ok g\u00f6r\u00fcl\u00fcyor. Sadece bir k\u0131v\u0131lc\u0131m gibi patlam\u0131yor, karakterin bir par\u00e7as\u0131 halini al\u0131yor. S\u00fcrekli \u00f6fkeyle davranan insanlar oluyoruz.<\/p>\n<p>Asl\u0131nda bu yaln\u0131zca Karadeniz\u2019e ait bir durum da de\u011fil. Genel olarak T\u00fcrkiye\u2019nin her yerinde daha tahamm\u00fcls\u00fcz, birbirimize kar\u015f\u0131 daha az toleransl\u0131 hale geldik.<\/p>\n<p><strong>Hemen kavga etmek i\u00e7in bahaneler ortaya \u00e7\u0131k\u0131yor.<\/strong><\/p>\n<p>En k\u00fc\u00e7\u00fck kavgalardan b\u00fcy\u00fck sonu\u00e7lar do\u011fuyor.<\/p>\n<p><strong>Futbol ma\u00e7lar\u0131nda insanlar birbirlerini \u00f6ld\u00fcr\u00fcyorlar.<\/strong><\/p>\n<p>\u201cAman, sen bana yan bakt\u0131n.\u201d diye birisi di\u011ferini b\u0131\u00e7aklay\u0131veriyor. \u00c7ok k\u00fc\u00e7\u00fck anla\u015fmazl\u0131klardan b\u00fcy\u00fck olaylar, insanlar\u0131n hayatlar\u0131n\u0131 kaybetti\u011fi olaylar ortaya \u00e7\u0131k\u0131yor.<\/p>\n<p><strong>\u00d6fke, bir\u00e7ok hayat\u0131 karart\u0131yor.<\/strong><\/p>\n<p>\u0130sa\u2019n\u0131n \u00f6\u011fretisi \u00f6fkeye kar\u015f\u0131 tam ters bir durum olu\u015fturuyor. \u0130sa, insanlar\u0131n \u00f6fkeyle, ani tepkilerle de\u011fil, sevgiyle davranmas\u0131n\u0131 \u00f6\u011fretiyor.<\/p>\n<p><strong>Sevgi, \u0130sa\u2019n\u0131n \u00f6\u011fretisinin temelinde var.<\/strong><\/p>\n<p>Dolay\u0131s\u0131yla \u0130sa\u2019n\u0131n \u00f6\u011fretisinde \u00f6fkeye yer yok.<\/p>\n<p><strong>\u0130sa\u2019ya inanan insanlar\u0131n hayat\u0131nda \u00f6fkeye \u00e7ok fazla yer yok.<\/strong><\/p>\n<p>B\u00f6yle diyorum ama \u00f6fkelenmiyorlar m\u0131? Olur elbette, herkes \u00f6fkeleniyor. Ben de \u00f6fkeleniyorum.<\/p>\n<p>Ama&#8230;<\/p>\n<p><strong>\u00d6fkeyle ya\u015famay\u0131 \u00f6\u011frenmek laz\u0131m.<\/strong><\/p>\n<p><strong>\u00d6fkeyle ba\u015fa \u00e7\u0131kmay\u0131 \u00f6\u011frenmek laz\u0131m.<\/strong><\/p>\n<p><strong>\u00d6fkeyi hayat\u0131m\u0131zda bizi y\u00f6nlendiren bir \u015fey olarak ba\u015f k\u00f6\u015feye koymamal\u0131y\u0131z.<\/strong><\/p>\n<p>\u00d6fkeyi hayat\u0131m\u0131zda kenara itmeliyiz ve onun bizi kontrol etmesine izin vermemeliyiz.<\/p>\n<p><strong>\u00c7\u00fcnk\u00fc \u0130sa\u2019n\u0131n \u00f6\u011fretisinde sevgi temeldir.<\/strong><\/p>\n<p>O sevgiden bahsetti\u011fimiz zaman iki y\u00f6n\u00fc var sevginin:<\/p>\n<p><strong>Tanr\u0131 sevgisi ve insan sevgisi.<\/strong><\/p>\n<p>Bizim hayat\u0131m\u0131zda Tanr\u0131 ba\u015f k\u00f6\u015feyi almal\u0131.<\/p>\n<p><strong>Tanr\u0131\u2019y\u0131 b\u00fct\u00fcn y\u00fcre\u011finle, b\u00fct\u00fcn can\u0131nla, b\u00fct\u00fcn g\u00fcc\u00fcnle seveceksin.<\/strong><\/p>\n<p>Bunu, \u201cHer \u015feyinle seveceksin.\u201d diye terc\u00fcme edebilirim.<\/p>\n<p>Yani hayat\u0131nda en \u00f6nemli nokta Tanr\u0131 olacak.<\/p>\n<p><strong>Herhangi bir \u015feye tepki vereceksen, bir \u015fekilde davranacaksan, en \u00f6nemli karar verme noktas\u0131 \u015fu olmal\u0131:<\/strong><\/p>\n<p><strong>\u201cTanr\u0131 ile bunun aras\u0131ndaki ili\u015fki nedir? Tanr\u0131 benim yapaca\u011f\u0131m \u015feye nas\u0131l bak\u0131yor?\u201d<\/strong><\/p>\n<p>Asl\u0131nda bazen \u00f6yle \u015feyler oluyor ki, aniden olaylar geli\u015fiyor. Tanr\u0131\u2019n\u0131n ne d\u00fc\u015f\u00fcnece\u011fini bile d\u00fc\u015f\u00fcnm\u00fcyoruz, birden tepki veriyoruz.<\/p>\n<p><strong>Kar\u015f\u0131m\u0131zdaki insana sert davran\u0131yoruz.<\/strong><\/p>\n<p>Asl\u0131nda bu bir disiplin meselesi. Tanr\u0131 sevgisini d\u00fc\u015f\u00fcnece\u011fiz ama insan sevgisini de d\u00fc\u015f\u00fcnece\u011fiz. Kar\u015f\u0131mdaki insan karde\u015fimin, benim g\u00f6sterdi\u011fim tepkiden nas\u0131l etkilenece\u011fini d\u00fc\u015f\u00fcnece\u011fiz. Onun hayat\u0131nda tepkimin nas\u0131l bir iz b\u0131rakt\u0131\u011f\u0131n\u0131, nas\u0131l bir yara olu\u015fturdu\u011funu da d\u00fc\u015f\u00fcnece\u011fiz.<\/p>\n<p><strong>Tanr\u0131\u2019y\u0131 sevece\u011fiz, insan\u0131 sevece\u011fiz.<\/strong><\/p>\n<p>Ve e\u011fer bunu yapabilirsek&#8230; \u00d6fkenin hayat\u0131m\u0131zda yer almad\u0131\u011f\u0131n\u0131, \u00e7ok fazla yer kaplamad\u0131\u011f\u0131n\u0131 g\u00f6rece\u011fiz.<\/p>\n<p><strong>Ama yine de \u00f6fkeleniyoruz biz.<\/strong><\/p>\n<p>Yani ilk anda \u00f6fkenin ortaya \u00e7\u0131kmas\u0131 bazen hakl\u0131 sebeplere de dayanabilir. Oraya gelece\u011fim asl\u0131nda ama yine de \u00f6fkenin bizim hayat\u0131m\u0131z\u0131 y\u00f6netmemesi \u00f6nemli bir nokta.<\/p>\n<p>Bazen birisi en olmad\u0131k yerde bizim bam telimize basar ve birdenbire \u00f6fkeleniriz.<\/p>\n<p>Kutsal Kitap\u2019ta, Vaiz b\u00f6l\u00fcm\u00fcnde \u015f\u00f6yle diyor:<\/p>\n<p><strong>\u201c7. b\u00f6l\u00fcm, 9. ayet: \u00c7abuk \u00f6fkelenme. \u00c7\u00fcnk\u00fc \u00f6fke, ak\u0131ls\u0131zlar\u0131n ba\u011fr\u0131nda bar\u0131n\u0131r.\u201d<\/strong><\/p>\n<p>\u00d6fkeleneceksen bile bunu \u00e7abuk yapmamak laz\u0131m. \u00c7\u00fcnk\u00fc aniden \u00f6fkelenirsen, birdenbire \u00f6fkelenirsen, \u00f6fkenin seni kontrol alt\u0131na alma ihtimali y\u00fcksektir.<\/p>\n<p><strong>Birdenbire tepki g\u00f6steriyorsan \u00f6fkeyle davranmak daha kolay.<\/strong><\/p>\n<p>Asl\u0131nda s\u0131k s\u0131k bu konuda kendim i\u00e7in de dua ettim. Bazen aniden kararlar veriyorum, bazen aniden tepkiler veriyorum. \u0130nsanlar y\u00fcz\u00fcm\u00fcn aniden de\u011fi\u015fti\u011fini s\u00f6yl\u00fcyorlar.<\/p>\n<p>Asl\u0131nda dilimle bir \u015fey s\u00f6ylemesem de, y\u00fcz\u00fcm\u00fcn de\u011fi\u015fti\u011fini g\u00f6ren insanlar benim \u00f6fkelendi\u011fimi anl\u0131yorlar.<\/p>\n<p><strong>Y\u00fcz\u00fcm\u00fcn g\u00f6r\u00fcn\u00fc\u015f\u00fc de\u011fi\u015fiyor, rengi at\u0131yor ve \u00f6fkem ba\u015fka insanlar taraf\u0131ndan fark ediliyormu\u015f.<\/strong><\/p>\n<p>Ben fark etmesem bile.<\/p>\n<p>Ama e\u011fer o \u00f6fkeyi y\u00fcre\u011fimde tutup beslersem, o \u00f6fkeyle davran\u0131rsam, <strong>\u201cAk\u0131ls\u0131zlar\u201d<\/strong> deniyor.<\/p>\n<p><strong>\u201cAk\u0131ls\u0131zlar\u0131n ba\u011fr\u0131nda beslenir.\u201d<\/strong> diyor.<\/p>\n<p>Bu, \u00f6fkenin hayat\u0131m\u0131zda yer etti\u011fini anlat\u0131yor.<\/p>\n<p><strong>Neden \u00f6fkeleniyoruz?<\/strong><\/p>\n<p>Neden aniden \u00f6fke g\u00f6steriyoruz?<\/p>\n<p>Bunun kayna\u011f\u0131na bakt\u0131\u011f\u0131m\u0131zda bazen bir g\u00fcnah, bizim hayat\u0131m\u0131zda, bize kar\u015f\u0131 i\u015flenen bir g\u00fcnah, birisinin bize yapt\u0131\u011f\u0131 k\u00f6t\u00fc bir \u015fey, hayat\u0131m\u0131zda bir \u015feylerin bozulmas\u0131na yol a\u00e7\u0131yor.<\/p>\n<p><strong>Tanr\u0131 bizi \u00f6fkeli varl\u0131klar olarak yaratmak istemedi.<\/strong><\/p>\n<p>\u00d6yle yaratmad\u0131.<\/p>\n<p>Ama biz, ba\u015fka insanlar\u0131n bize yapt\u0131klar\u0131 nedeniyle&#8230; bizim bir g\u00fcnah\u0131m\u0131z nedeniyle \u2014 hangisi oldu\u011fu o kadar \u00f6nemli de\u011fil, ikisi de olabilir \u2014 bir \u015feyler bozuluyor hayat\u0131m\u0131zda.<\/p>\n<p><strong>Ve bir tohum ekiliyor.<\/strong><\/p>\n<p>\u00d6fkeye neden olan bir tohum bizim hayat\u0131m\u0131za ekiliyor.<\/p>\n<p><strong>\u00d6fkenin kayna\u011f\u0131 nedir?<\/strong><\/p>\n<p>Bazen \u00f6fkeli bir ailede ya\u015f\u0131yor olman\u0131n getirdi\u011fi etki var. E\u011fer ailenizde birisi \u00f6fkeliyse, \u00e7ocuk olarak \u00f6yle bir ailede yeti\u015ftiyseniz, o \u00f6fkeli ki\u015finin sizin hayat\u0131n\u0131za yapt\u0131\u011f\u0131 etki;<\/p>\n<ul>\n<li>evde ba\u011f\u0131r\u0131p \u00e7a\u011f\u0131rmas\u0131,<\/li>\n<li>tencere tava k\u0131rmas\u0131,<\/li>\n<li>tabaklar\u0131 havada u\u00e7urmas\u0131,<\/li>\n<li>kap\u0131lar\u0131 vurup \u00e7ekip gitmesi,<\/li>\n<li>e\u015fini d\u00f6vmesi,<\/li>\n<li>annenizi ya da baban\u0131z\u0131 d\u00f6vmesi&#8230;<\/li>\n<\/ul>\n<p>Bunlar hep \u00e7ocuklar\u0131n hayat\u0131n\u0131 etkiliyor.<\/p>\n<p><strong>E\u011fer evde \u00f6fkeli birisi varsa, bu evin di\u011fer bireylerinin hayat\u0131nda \u00f6fkeye yol a\u00e7abiliyor.<\/strong><\/p>\n<p>Ya da bize kar\u015f\u0131 i\u015flenen ba\u015fka bir g\u00fcnah, bizde \u00f6fkeye yol a\u00e7abiliyor.<\/p>\n<p><strong>\u00d6fke bir kere hayat\u0131m\u0131za girince bir tohum olarak giriyor.<\/strong><\/p>\n<p>Ba\u015fkalar\u0131n\u0131n etkisiyle giriyor. Ama zaman i\u00e7erisinde, ya\u015fad\u0131\u011f\u0131m\u0131z olaylarda g\u00f6sterdi\u011fimiz tepkilerle o tohum b\u00fcy\u00fcyor.<\/p>\n<p>Bir zaman geldi\u011finde, biraz \u00e7evre bask\u0131s\u0131yla, millete ay\u0131p olmas\u0131n diye \u00f6fkeyi buduyoruz, \u00f6fkeyi g\u00f6stermiyoruz.<\/p>\n<p><strong>Ama \u00f6fkenin g\u00f6vdesi, \u00f6fke a\u011fac\u0131n\u0131n g\u00f6vdesi ortadan kalksa da k\u00f6k\u00fc \u00e7\u00fcr\u00fck, i\u011fren\u00e7 bir k\u00f6k olarak hayat\u0131m\u0131zda bulunuyor.<\/strong><\/p>\n<p>O k\u00f6k, birdenbire ortaya \u00f6fke krizlerini, ani tepkileri \u00e7\u0131kar\u0131yor.<\/p>\n<p><strong>\u00d6fkeyle ba\u015fa \u00e7\u0131kman\u0131n yollar\u0131 bulunmad\u0131ysa&#8230;<\/strong><\/p>\n<p>Baz\u0131 tohumlar daha var \u00f6fkenin hayat\u0131m\u0131za girmesine yol a\u00e7an.<\/p>\n<p><strong>Adaletsizlikle kar\u015f\u0131la\u015ft\u0131\u011f\u0131m\u0131zda aniden \u00f6fkeyle cevap veriyoruz.<\/strong><\/p>\n<p>Adaletsizlikle kar\u015f\u0131la\u015fm\u0131\u015f insanlar \u00e7abucak \u00f6fkeyle cevap veriyorlar.<\/p>\n<p><strong>Asl\u0131nda bu benim problemlerimden biri.<\/strong><\/p>\n<p>Ben \u00e7ok ciddi bir \u015fekilde haks\u0131zl\u0131\u011fa u\u011frayan bir hayat ge\u00e7irdim. Bir s\u00fcr\u00fc haks\u0131zl\u0131klarla kar\u015f\u0131la\u015ft\u0131m. \u0130nsanlar bir\u00e7ok yanl\u0131\u015f \u015fekilde bana davrand\u0131lar, su\u00e7lad\u0131lar.<\/p>\n<p><strong>O zaman i\u00e7imde, haks\u0131zl\u0131\u011fa u\u011frad\u0131\u011f\u0131mda, hemen bir \u00f6fke dalgas\u0131 \u00e7\u0131kma ihtimali oluyor.<\/strong><\/p>\n<p>Bazen onu fark ediyorum, durduruyorum, bast\u0131r\u0131yorum. Bazen kontrol etmek i\u00e7in daha b\u00fcy\u00fck gayret g\u00f6stermem gerekiyor.<\/p>\n<p><strong>\u015eunu bilmemiz laz\u0131m.<\/strong><\/p>\n<p>E\u011fer adaletsizlik duygusuyla kar\u015f\u0131la\u015f\u0131yorsak, ba\u011f\u0131rarak, \u00e7a\u011f\u0131rarak, insanlar\u0131n \u00fczerine y\u00fcr\u00fcyerek, kavga ederek herhangi bir \u015feyi de\u011fi\u015ftirmemiz m\u00fcmk\u00fcn de\u011fil.<\/p>\n<p><strong>E\u011fer haks\u0131zl\u0131k duygusu varsa, haks\u0131zl\u0131k duygusunu ortadan kald\u0131rabilmenin yolu Tanr\u0131&#8217;ya gitmek ve dua etmektir.<\/strong><\/p>\n<p>E\u011fer ger\u00e7ekten sistemde bir bozukluk varsa ve bize haks\u0131z bir \u015fekilde davran\u0131ld\u0131ysa, bunu uygun, makul, yumu\u015fak bir \u015fekilde konu\u015fmal\u0131y\u0131z, \u015fik\u00e2yet etmeliyiz, mahkemeye gitmeliyiz, bir \u015feyler yapmal\u0131y\u0131z.<\/p>\n<p><strong>Ama kavga ederek, \u00f6fkeyle davranarak bir \u015feyleri de\u011fi\u015ftirmemiz \u00e7ok da m\u00fcmk\u00fcn olmuyor.<\/strong><\/p>\n<p>Dua ve esenlikle konuya yakla\u015fmak \u00e7ok \u00f6nemli.<\/p>\n<p><strong>Bir ba\u015fka problem de tacizlerdir.<\/strong><\/p>\n<p>Taciz; cinsel olabilir, fiziksel olabilir, s\u00f6zl\u00fc olabilir ve duygusal olabilir. Bir ki\u015finin hayat\u0131na, ba\u015fka biri taraf\u0131ndan onun mahremiyetini ve s\u0131n\u0131rlar\u0131n\u0131 a\u015farak yap\u0131lan m\u00fcdahaleye taciz denir.<\/p>\n<p>Genellikle akl\u0131m\u0131za taciz denilince cinsel taciz geliyor.<\/p>\n<p><strong>Bir adam\u0131n ya da kad\u0131n\u0131n, kendisinden \u00e7ekindi\u011fi ya da \u00e7aresiz oldu\u011fu i\u00e7in kar\u015f\u0131 koyamayan birine fiziksel olarak bir \u015feyler yapmas\u0131na cinsel taciz diyoruz.<\/strong><\/p>\n<p>Bu, s\u00f6zl\u00fc ve duygusal da olabilir tabii.<\/p>\n<p><strong>Cinsel taciz, \u00e7ok yo\u011fun ve \u00e7ok k\u00f6t\u00fc bir \u015fekilde son zamanlarda memleketimizde g\u00f6r\u00fcl\u00fcyor.<\/strong><\/p>\n<p>\u00d6yle acayip haberler duyuyoruz ki&#8230; Adamlar k\u00fc\u00e7\u00fck \u00e7ocuklar\u0131 taciz ediyorlar, tecav\u00fcz ediyorlar, \u00f6ld\u00fcr\u00fcyorlar.<\/p>\n<p><strong>Bu, k\u00f6t\u00fc \u015fekilde onlar\u0131n hayat\u0131nda g\u00f6z\u00fck\u00fcyor.<\/strong><\/p>\n<p>Bu k\u00f6t\u00fc olaylar\u0131 yapanlar\u0131n b\u00fcy\u00fck bir \u00e7o\u011funlu\u011funun hayat\u0131nda da taciz olaylar\u0131 var.<\/p>\n<p>Bu k\u00f6t\u00fc olaylar\u0131 yapanlar da asl\u0131nda \u00e7ocukluklar\u0131nda ya da gen\u00e7liklerinde cinsel tacize u\u011fram\u0131\u015f ki\u015filer oluyorlar.<\/p>\n<p><strong>\u00c7\u00fcnk\u00fc taciz, insanlar\u0131n hayat\u0131nda yo\u011fun bir iz b\u0131rak\u0131r.<\/strong><\/p>\n<p>\u0130nsanlar \u00e7aresizdirler, kendilerini koruyamazlar ve b\u00fcy\u00fck bir \u00f6fke duygusu i\u00e7lerinden d\u0131\u015far\u0131ya \u00e7\u0131kar.<\/p>\n<p><strong>\u00c7aresiz olan ki\u015filer bir \u015fekilde \u00f6fkelerini d\u0131\u015far\u0131ya vurma ihtiyac\u0131 hissederler.<\/strong><\/p>\n<p>Taciz \u00f6rt\u00fclemez.<\/p>\n<p><strong>Yani \u201c\u00fcst\u00fcn\u00fc \u00f6rtt\u00fck, ge\u00e7tik, unuttuk\u201d diyemiyorsunuz.<\/strong><\/p>\n<p>Bir \u015fekilde tacizle u\u011fra\u015fmak ve onu temizlemek laz\u0131m.<\/p>\n<p><strong>Duygusal ve psikolojik olarak taciz ma\u011fdurunu kurtarmak gerekir.<\/strong><\/p>\n<p>\u00d6zg\u00fcr olmas\u0131 i\u00e7in, bu ki\u015finin tacize u\u011frad\u0131\u011f\u0131 alan neyse \u2014 duygusal bir alan m\u0131? \u2014 o alanda u\u011fra\u015f\u0131lmas\u0131 laz\u0131m.<\/p>\n<p><strong>S\u00f6zl\u00fc tacize mi u\u011fram\u0131\u015f?<\/strong><\/p>\n<p>Onunla u\u011fra\u015fmak laz\u0131m.<\/p>\n<p><strong>S\u00f6zl\u00fc taciz derken&#8230;<\/strong><\/p>\n<p>Bir insana s\u00fcrekli \u201csalak\u201d derseniz, adam salak\u00e7a davranmaya ba\u015flar.<\/p>\n<p><strong>Bir ki\u015fiye k\u0131rk kez \u201cdeli\u201d derseniz, 41. seferde kendisi de buna inan\u0131r.<\/strong><\/p>\n<p>Bunlar s\u00f6zl\u00fc taciz \u00f6rnekleridir.<\/p>\n<p><strong>Asl\u0131nda bu durumlar\u0131n insanlar\u0131n hayat\u0131ndan \u00e7\u0131kar\u0131lmas\u0131, insanlar\u0131n bu konuda \u00f6zg\u00fcr olmas\u0131 gerekir.<\/strong><\/p>\n<p>Bunun i\u00e7in de sorunun fark\u0131na var\u0131p bir \u015feyler yapmak laz\u0131m.<\/p>\n<p><strong>Psikolojik destek mi al\u0131nmas\u0131 gerekiyor?<\/strong><\/p>\n<p>Bir dan\u0131\u015fmana m\u0131 gidilmesi gerekiyor?<\/p>\n<p>Dua m\u0131 edilmesi gerekiyor?<\/p>\n<p><strong>Bunlar\u0131n hepsi, bu ki\u015filerin hayat\u0131nda yap\u0131lmas\u0131 gerekenlerdir.<\/strong><\/p>\n<p><strong>Bazen ba\u015fka bir \u00f6fke kayna\u011f\u0131 da ihtiya\u00e7lar\u0131m\u0131z\u0131n kar\u015f\u0131lanmamas\u0131d\u0131r.<\/strong><\/p>\n<p>Baz\u0131 ihtiya\u00e7lar\u0131m\u0131z var ve bu ihtiya\u00e7lar kar\u015f\u0131lanmazsa bundan rahats\u0131z oluruz.<\/p>\n<p>\u0130htiyac\u0131m\u0131z\u0131 kar\u015f\u0131layacak insanlar vard\u0131r. O insanlar gerekeni yapm\u0131yorlarsa sorun olur.<\/p>\n<p><strong>Yani eve ekmek getirmiyorsa evin erke\u011fi, para sa\u011flam\u0131yorsa, \u00e7ocuklar\u0131n okul ihtiya\u00e7lar\u0131n\u0131 kar\u015f\u0131lam\u0131yorsa anne, kad\u0131n ve \u00e7ocuklar ona \u00f6fkelenir.<\/strong><\/p>\n<p><strong>\u00c7ocuklar, anne-babaya sayg\u0131 g\u00f6stermiyorsa anne-baba da \u00e7ocuklara \u00f6fkelenir.<\/strong><\/p>\n<p><strong>\u0130htiya\u00e7lar\u0131n bir \u015fekilde kar\u015f\u0131lanmas\u0131 laz\u0131m.<\/strong><\/p>\n<p>Sevgi ve sayg\u0131 ihtiya\u00e7lar\u0131n\u0131n, maddi ihtiya\u00e7lar\u0131n kar\u015f\u0131lanmas\u0131 laz\u0131m.<\/p>\n<p><strong>E\u011fer bunlar kar\u015f\u0131lanm\u0131yorsa, insanlar\u0131n hayat\u0131nda \u00f6fke olu\u015fur.<\/strong><\/p>\n<p><strong>Bir ba\u015fka \u00f6fke konusu ise k\u0131skan\u00e7l\u0131kt\u0131r.<\/strong><\/p>\n<p><strong>\u0130nsanlar, ta Kabil ve Habil\u2019den beri, Adem ve Havva\u2019n\u0131n \u00e7ocuklar\u0131ndan beri, s\u00fcrekli k\u0131skan\u00e7l\u0131k y\u00fcz\u00fcnden birbirleriyle \u00e7eki\u015fiyorlar.<\/strong><\/p>\n<p><strong>\u0130lk cinayet, bu nedenle i\u015flenmi\u015fti.<\/strong><\/p>\n<p>Ve h\u00e2l\u00e2 insanlar k\u0131skan\u00e7l\u0131k nedeniyle k\u00f6t\u00fc davran\u0131yorlar.<\/p>\n<p><strong>B\u00fct\u00fcn bu olaylar\u0131n arkas\u0131ndaki nedenler \u00fczerinde durmuyorum.<\/strong><\/p>\n<p>Belki her biri ayr\u0131 bir program konusu.<\/p>\n<p><strong>Belki bir g\u00fcn onlarla da u\u011fra\u015faca\u011f\u0131z.<\/strong><\/p>\n<p>Ama bunlar\u0131 \u015fimdi \u00f6fke kaynaklar\u0131 olarak ele al\u0131yoruz.<\/p>\n<p><strong>Bir ayete bakal\u0131m:<\/strong><\/p>\n<p><strong>Romal\u0131lar 12. b\u00f6l\u00fcm, 21. ayet, asl\u0131nda \u00e7ok bilinen bir ayet.<\/strong><\/p>\n<p>Bu ayette \u015f\u00f6yle diyor:<\/p>\n<p><strong>\u201cK\u00f6t\u00fcl\u00fc\u011fe yenilme, k\u00f6t\u00fcl\u00fc\u011f\u00fc iyilikle yen.\u201d<\/strong><\/p>\n<p><strong>Tanr\u0131&#8217;n\u0131n iyili\u011finin hayat\u0131m\u0131zda olmas\u0131 i\u00e7in bunu s\u00f6ylemeliyiz.<\/strong><\/p>\n<p><strong>E\u011fer bir \u00f6fke problemimiz varsa&#8230;<\/strong><\/p>\n<p>Az \u00f6nce ba\u015ftan sona sayd\u0131\u011f\u0131m b\u00fct\u00fcn konular i\u00e7erisinde bir \u00f6fke probleminiz varsa, bu problemi Tanr\u0131&#8217;ya getirin.<\/p>\n<p><strong>Tanr\u0131&#8217;n\u0131n, sizin \u00f6fkenizi de\u011fi\u015ftirmesi i\u00e7in ona yalvar\u0131n.<\/strong><\/p>\n<p><strong>E\u011fer \u00f6fke, sizin hayat\u0131n\u0131zda&#8230;<\/strong><\/p>\n<p>Y\u0131k\u0131c\u0131 bir etki yarat\u0131yorsa, ba\u015fka insanlar\u0131n hayat\u0131nda y\u0131k\u0131c\u0131 bir etki yarat\u0131yorsa, asl\u0131nda bu bir g\u00fcnaht\u0131r.<\/p>\n<p><strong>\u0130lk \u00f6nce hissetti\u011finiz \u00f6fkenin kendisi de\u011fil ama \u00f6fkenin etkisini g\u00f6r\u00fcyoruz.<\/strong><\/p>\n<p>Bir ayette \u015f\u00f6yle diyor:<\/p>\n<p><strong>Efesliler 4. b\u00f6l\u00fcm, 26. ve 27. ayetlerde diyor ki:<\/strong><\/p>\n<p><strong>\u201cG\u00fcne\u015f batmas\u0131n. \u0130blise de f\u0131rsat vermeyin.\u201d<\/strong><\/p>\n<p><strong>E\u011fer \u00f6fkenize yeniliyorsan\u0131z, g\u00fcnah i\u015fliyorsunuz ve o zaman \u0130blis\u2019in sizin hayat\u0131n\u0131zda, ba\u015fka insanlar\u0131n hayat\u0131nda \u00e7al\u0131\u015fmas\u0131na olanak tan\u0131yorsunuz.<\/strong><\/p>\n<p><strong>\u0130lk \u00f6fke \u00e7\u0131kt\u0131\u011f\u0131nda, onu kontrol etmeye \u00e7al\u0131\u015f\u0131n ve \u00f6fkenin size k\u00f6t\u00fcl\u00fck yapmas\u0131na izin vermeyin.<\/strong><\/p>\n<p><strong>E\u011fer \u00f6fkeyle ilgili probleminiz varsa&#8230;<\/strong><\/p>\n<p>Az \u00f6nce sayd\u0131\u011f\u0131m olaylardan herhangi birisi, sizin y\u00fcre\u011finizde bir \u015fey canland\u0131rd\u0131ysa dua edelim.<\/p>\n<p><strong>Tanr\u0131, sizin \u00f6fkenizin kayna\u011f\u0131n\u0131, o tohumu ve k\u00f6k\u00fc oradan \u00e7\u0131kars\u0131n diye.<\/strong><\/p>\n<p><strong>Tanr\u0131m, \u015fimdi dua ediyorum:<\/strong><\/p>\n<p>Bu program\u0131 izleyip de programda sayd\u0131\u011f\u0131m konulardan etkilenen, onlar\u0131n sorunlar\u0131n\u0131 ta\u015f\u0131yan ki\u015filere yard\u0131mc\u0131 ol diye dua ediyorum.<\/p>\n<p><strong>Rabb\u2019im, bir \u015fekilde \u00e7eki\u015fme, dedikodu, gelin-g\u00f6r\u00fcmce, gelin-kaynana problemi, e\u015finden dolay\u0131 \u00f6fke \u00e7eken, adaletsizli\u011fe u\u011frayan, k\u0131skan\u00e7l\u0131ktan dolay\u0131 s\u0131k\u0131nt\u0131 \u00e7eken insanlar varsa&#8230;<\/strong><\/p>\n<p><strong>\u015eimdi bu program\u0131 izleyen Rabb, onlar\u0131n hayat\u0131nda \u00f6fkenin yer almas\u0131na izin verme.<\/strong><\/p>\n<p><strong>\u00d6fkeyi, onlar\u0131n hayatlar\u0131ndan uzakla\u015ft\u0131r ve bereket ol diye dua ediyorum.<\/strong><\/p>\n<p><strong>K\u00f6t\u00fcl\u00fc\u011fe yenilmesinler. K\u00f6t\u00fcl\u00fc\u011f\u00fc iyilikle yensinler diye dua ediyorum.<\/strong><\/p>\n<p><strong>\u0130blis\u2019e, hayatlar\u0131nda f\u0131rsat vermesinler.<\/strong><\/p>\n<p><strong>Esenlikle, sevin\u00e7le, sevgiyle ya\u015fas\u0131nlar diye dua ediyorum.<\/strong><\/p>\n<p><strong>Onlara yard\u0131mc\u0131 ol.<\/strong><\/p>\n<p><strong>\u0130sa Mesih, sen Rabb\u2019sin ve senden yard\u0131m isteyen herkese yard\u0131m edersin.<\/strong><\/p>\n<p><strong>O y\u00fczden \u015fimdi sana yard\u0131m i\u00e7in bakan b\u00fct\u00fcn bu insanlara yard\u0131m et.<\/strong><\/p>\n<p><strong>\u0130sa Mesih\u2019in ad\u0131yla.<\/strong><\/p>\n<p><strong>Evet, \u00f6fkeniz i\u00e7in dua ettik.<\/strong><\/p>\n<p>Tanr\u0131 ger\u00e7ekten, e\u011fer y\u00fcrekten istediyseniz, size yard\u0131m etmek isteyecek.<\/p>\n<p><strong>\u00d6fkenizle ilgili ba\u015fa \u00e7\u0131kamad\u0131\u011f\u0131n\u0131z noktalar varsa bize yaz\u0131n.<\/strong><\/p>\n<p>Onlar\u0131 anlamaya \u00e7al\u0131\u015fal\u0131m.<\/p>\n<p><strong>E-posta adresimize ya da mektupla&#8230; Nas\u0131l isterseniz \u00f6yle yaz\u0131n.<\/strong><\/p>\n<p><strong>Telefon edin.<\/strong><\/p>\n<p>Bir \u015fekilde ileti\u015fim kural\u0131m ve size bilgi iletmeye devam ederim.<\/p>\n<p><strong>Tanr\u0131\u2019n\u0131n s\u00f6z\u00fcn\u00fcn bu konuda daha fazla ne dedi\u011fini \u00f6\u011frenmek istiyorsan\u0131z&#8230;<\/strong><\/p>\n<p><strong>\u0130ncelemek istiyorsan\u0131z, yaz\u0131n.<\/strong><\/p>\n<p><strong>Onun i\u00e7in de gerekeni yapal\u0131m.<\/strong><\/p>\n<p><strong>\u00d6fkenize yenilmeyin.<\/strong><\/p>\n<p>Umar\u0131m bu i\u015fitti\u011finiz s\u00f6zler, sizin y\u00fcre\u011finize hitap etmi\u015ftir.<\/p>\n<p>&nbsp;<\/p>\n","protected":false},"excerpt":{"rendered":"<p>Bizim &uuml;lkemizde ya&#351;ayan insanlar&#305;n ruh halleri ve davran&#305;&#351; bi&ccedil;imleri &uuml;zerine konu&#351;tu&#287;umuzda baz&#305; genellemeler yapar&#305;z. Mesela Akdenizli oldu&#287;umuzu s&ouml;yleriz. Akdenizli insanlar tezcanl&#305;d&#305;r. Aniden karar verirler, son derece hareketlidirler, sesleri &ccedil;abucak y&uuml;kselir. Neden b&ouml;yledir diye d&uuml;&#351;&uuml;nd&uuml;&#287;&uuml;mde, asl&#305;nda bunun denizle alakal&#305; oldu&#287;unu s&ouml;yl&uuml;yorum. Hava s&#305;cak, denizle i&ccedil; i&ccedil;e ya&#351;ayan insanlar genel bir k&uuml;lt&uuml;rel atmosfer olu&#351;turmu&#351;. Yani insanlar heyecanl&#305;, [&hellip;]<\/p>\n","protected":false},"author":1,"featured_media":0,"comment_status":"open","ping_status":"open","sticky":false,"template":"","format":"standard","meta":{"ocean_post_layout":"","ocean_both_sidebars_style":"","ocean_both_sidebars_content_width":0,"ocean_both_sidebars_sidebars_width":0,"ocean_sidebar":"0","ocean_second_sidebar":"0","ocean_disable_margins":"enable","ocean_add_body_class":"","ocean_shortcode_before_top_bar":"","ocean_shortcode_after_top_bar":"","ocean_shortcode_before_header":"","ocean_shortcode_after_header":"","ocean_has_shortcode":"","ocean_shortcode_after_title":"","ocean_shortcode_before_footer_widgets":"","ocean_shortcode_after_footer_widgets":"","ocean_shortcode_before_footer_bottom":"","ocean_shortcode_after_footer_bottom":"","ocean_display_top_bar":"default","ocean_display_header":"default","ocean_header_style":"","ocean_center_header_left_menu":"0","ocean_custom_header_template":"0","ocean_custom_logo":0,"ocean_custom_retina_logo":0,"ocean_custom_logo_max_width":0,"ocean_custom_logo_tablet_max_width":0,"ocean_custom_logo_mobile_max_width":0,"ocean_custom_logo_max_height":0,"ocean_custom_logo_tablet_max_height":0,"ocean_custom_logo_mobile_max_height":0,"ocean_header_custom_menu":"0","ocean_menu_typo_font_family":"0","ocean_menu_typo_font_subset":"","ocean_menu_typo_font_size":0,"ocean_menu_typo_font_size_tablet":0,"ocean_menu_typo_font_size_mobile":0,"ocean_menu_typo_font_size_unit":"px","ocean_menu_typo_font_weight":"","ocean_menu_typo_font_weight_tablet":"","ocean_menu_typo_font_weight_mobile":"","ocean_menu_typo_transform":"","ocean_menu_typo_transform_tablet":"","ocean_menu_typo_transform_mobile":"","ocean_menu_typo_line_height":0,"ocean_menu_typo_line_height_tablet":0,"ocean_menu_typo_line_height_mobile":0,"ocean_menu_typo_line_height_unit":"","ocean_menu_typo_spacing":0,"ocean_menu_typo_spacing_tablet":0,"ocean_menu_typo_spacing_mobile":0,"ocean_menu_typo_spacing_unit":"","ocean_menu_link_color":"","ocean_menu_link_color_hover":"","ocean_menu_link_color_active":"","ocean_menu_link_background":"","ocean_menu_link_hover_background":"","ocean_menu_link_active_background":"","ocean_menu_social_links_bg":"","ocean_menu_social_hover_links_bg":"","ocean_menu_social_links_color":"","ocean_menu_social_hover_links_color":"","ocean_disable_title":"default","ocean_disable_heading":"default","ocean_post_title":"","ocean_post_subheading":"","ocean_post_title_style":"","ocean_post_title_background_color":"","ocean_post_title_background":0,"ocean_post_title_bg_image_position":"","ocean_post_title_bg_image_attachment":"","ocean_post_title_bg_image_repeat":"","ocean_post_title_bg_image_size":"","ocean_post_title_height":0,"ocean_post_title_bg_overlay":0.5,"ocean_post_title_bg_overlay_color":"","ocean_disable_breadcrumbs":"default","ocean_breadcrumbs_color":"","ocean_breadcrumbs_separator_color":"","ocean_breadcrumbs_links_color":"","ocean_breadcrumbs_links_hover_color":"","ocean_display_footer_widgets":"default","ocean_display_footer_bottom":"default","ocean_custom_footer_template":"0","ocean_post_oembed":"","ocean_post_self_hosted_media":"","ocean_post_video_embed":"","ocean_link_format":"","ocean_link_format_target":"self","ocean_quote_format":"","ocean_quote_format_link":"post","ocean_gallery_link_images":"on","ocean_gallery_id":[],"footnotes":""},"categories":[11],"tags":[],"class_list":["post-4322","post","type-post","status-publish","format-standard","hentry","category-thamade-ducen-ihsan-ozbek-makaleleri","entry"],"_links":{"self":[{"href":"http:\/\/christiancircassians.com\/tr\/wp-json\/wp\/v2\/posts\/4322","targetHints":{"allow":["GET"]}}],"collection":[{"href":"http:\/\/christiancircassians.com\/tr\/wp-json\/wp\/v2\/posts"}],"about":[{"href":"http:\/\/christiancircassians.com\/tr\/wp-json\/wp\/v2\/types\/post"}],"author":[{"embeddable":true,"href":"http:\/\/christiancircassians.com\/tr\/wp-json\/wp\/v2\/users\/1"}],"replies":[{"embeddable":true,"href":"http:\/\/christiancircassians.com\/tr\/wp-json\/wp\/v2\/comments?post=4322"}],"version-history":[{"count":2,"href":"http:\/\/christiancircassians.com\/tr\/wp-json\/wp\/v2\/posts\/4322\/revisions"}],"predecessor-version":[{"id":4619,"href":"http:\/\/christiancircassians.com\/tr\/wp-json\/wp\/v2\/posts\/4322\/revisions\/4619"}],"wp:attachment":[{"href":"http:\/\/christiancircassians.com\/tr\/wp-json\/wp\/v2\/media?parent=4322"}],"wp:term":[{"taxonomy":"category","embeddable":true,"href":"http:\/\/christiancircassians.com\/tr\/wp-json\/wp\/v2\/categories?post=4322"},{"taxonomy":"post_tag","embeddable":true,"href":"http:\/\/christiancircassians.com\/tr\/wp-json\/wp\/v2\/tags?post=4322"}],"curies":[{"name":"wp","href":"https:\/\/api.w.org\/{rel}","templated":true}]}}