{"id":4436,"date":"2025-02-19T23:57:23","date_gmt":"2025-02-19T23:57:23","guid":{"rendered":"http:\/\/christiancircassians.com\/tr\/?p=4436"},"modified":"2025-02-20T00:00:18","modified_gmt":"2025-02-20T00:00:18","slug":"adigelerde-selamlasma","status":"publish","type":"post","link":"http:\/\/christiancircassians.com\/tr\/adigelerde-selamlasma\/","title":{"rendered":"AD\u0130GELERDE SELAMLA\u015eMA"},"content":{"rendered":"<p><img fetchpriority=\"high\" decoding=\"async\" class=\"alignnone size-medium wp-image-4437\" src=\"http:\/\/christiancircassians.com\/tr\/wp-content\/uploads\/2025\/02\/XabzeBilgileri-18-ADIGELERDE-SELAMLASMA-500x281.png\" alt=\"\" width=\"500\" height=\"281\" srcset=\"http:\/\/christiancircassians.com\/tr\/wp-content\/uploads\/2025\/02\/XabzeBilgileri-18-ADIGELERDE-SELAMLASMA-500x281.png 500w, http:\/\/christiancircassians.com\/tr\/wp-content\/uploads\/2025\/02\/XabzeBilgileri-18-ADIGELERDE-SELAMLASMA-768x431.png 768w, http:\/\/christiancircassians.com\/tr\/wp-content\/uploads\/2025\/02\/XabzeBilgileri-18-ADIGELERDE-SELAMLASMA-800x450.png 800w, http:\/\/christiancircassians.com\/tr\/wp-content\/uploads\/2025\/02\/XabzeBilgileri-18-ADIGELERDE-SELAMLASMA.png 811w\" sizes=\"(max-width: 500px) 100vw, 500px\" \/><\/p>\n<p align=\"left\"><b> K|URA\u015eIN Betal<br \/>\n<\/b>F|eh\u201dus Ap\u015f\u2019iy isimli kitab\u0131ndan<br \/>\n\u00c7eviri: BABUG Erg\u00fcn Y\u0131ld\u0131z<\/p>\n<p align=\"left\"><span lang=\"tr\"> Selamla\u015fma gelene\u011fi insanl\u0131\u011f\u0131n yarat\u0131l\u0131\u015f\u0131ndan bu yana istisnas\u0131z t\u00fcm toplumlarda m\u00fc\u015fterek bir davran\u0131\u015f bi\u00e7imi olarak devam edegelir.<\/span><\/p>\n<p>\u0130lk \u00e7a\u011flarda iki insan kar\u015f\u0131la\u015ft\u0131\u011f\u0131nda silahl\u0131 olmad\u0131klar\u0131n\u0131, silahl\u0131 olsalar bile birbirlerine kar\u015f\u0131 kullanmayacaklar\u0131n\u0131 g\u00f6stermek i\u00e7in ellerini uzat\u0131r tokala\u015f\u0131rlarm\u0131\u015f. O d\u00f6nemlerden ba\u015flayarak g\u00fcn\u00fcm\u00fcze kadar ula\u015fan selamla\u015fma gelene\u011fi pek \u00e7ok ortak \u00f6zellikler ta\u015f\u0131makla birlikte ayn\u0131 zamanda her toplumun k\u00fclt\u00fcr\u00fcn\u00fc, ge\u00e7mi\u015fini, inan\u00e7lar\u0131n\u0131 ve d\u00fcnyaya bak\u0131\u015f\u0131n\u0131 yans\u0131tan, toplumlara has ipu\u00e7lar\u0131n\u0131 da i\u00e7erisinde bar\u0131nd\u0131r\u0131r. \u201d\u0130nsanlar\u0131n g\u00f6r\u00fcn\u00fc\u015fleri gibi kalpleri ve d\u00fc\u015f\u00fcnceleri de farkl\u0131d\u0131r\u201d der bir Adige atas\u00f6z\u00fc.<\/p>\n<p>Bunu genelleyecek olursak milletlerin g\u00f6r\u00fcn\u00fc\u015fleri gibi d\u00fc\u015f\u00fcnceleri k\u00fclt\u00fcrleri ve ya\u015fay\u0131\u015flar\u0131 da farkl\u0131d\u0131r<\/p>\n<p>Yine Adige ifade bi\u00e7imi ile s\u00f6yleyecek olursak: D\u00fcnya bir teker gibi d\u00f6ner, geceler g\u00fcnleri, g\u00fcnler aylar\u0131 ve y\u0131llar\u0131, y\u0131llar as\u0131rlar\u0131 kovalar gider.<\/p>\n<p>Toplumlar da bu de\u011fi\u015fen zamana paralel olarak de\u011fi\u015firler; ya\u015fay\u0131\u015f bi\u00e7imleri, anlay\u0131\u015f ve bak\u0131\u015f a\u00e7\u0131lar\u0131, k\u00fclt\u00fcrleri de bu de\u011fi\u015fimden pay\u0131n\u0131 al\u0131r \u015f\u00fcphesiz.<\/p>\n<p>E\u011fer bu s\u00fcre\u00e7 i\u00e7erisinde bir toplumun bireyleri kendilerine ait olan de\u011ferleri terk eder, ba\u015fka toplumlar\u0131n de\u011ferlerini, anlay\u0131\u015f ya\u015fay\u0131\u015f ve davran\u0131\u015f bi\u00e7imlerini benimserlerse bireylerden ba\u015flayan bu kendine yabanc\u0131la\u015fma, yava\u015f yava\u015f toplumun yok olup gitmesi ile sonu\u00e7lan\u0131r.<\/p>\n<p>Yani o halk s\u00fcre\u00e7 i\u00e7erisinde ba\u015fka toplumlar\u0131n aras\u0131nda eriyip yok olmaya mahkum olur.<\/p>\n<p>Adige s\u00f6zl\u00fc k\u00fclt\u00fcr\u00fc \u00fczerine \u00e7ok \u00f6nemli \u00e7al\u0131\u015fmalar\u0131 olan \u015eORTEN Askerbiy Adige selamla\u015fma bi\u00e7iminin sadece bir kar\u015f\u0131la\u015fma s\u00f6zc\u00fc\u011f\u00fcnden ibaret olmad\u0131\u011f\u0131n\u0131, temel olarak insan\u0131 y\u00fcceltmek ona de\u011fer vermek mant\u0131\u011f\u0131 \u00fczerine kurulmu\u015f oldu\u011funu, ayn\u0131 zamanda ya\u015fanan hayata, yap\u0131lan i\u015fe dair d\u00fc\u015f\u00fcnceleri ve iyi dilekleri de i\u00e7erdi\u011fini belirtmektedir.<\/p>\n<p>Bir ba\u015fka \u00f6zelli\u011fi ile varl\u0131kl\u0131\/fakir veya sosyal s\u0131n\u0131f ayr\u0131m\u0131 yap\u0131lmaks\u0131z\u0131n t\u00fcm cemiyet bireylerine y\u00f6nelik olan Adige selam\u0131, bi\u00e7im ve k\u00f6ken olarak incelendi\u011finde erken d\u00f6nemlerden bu g\u00fcne ya\u015fanan sosyal de\u011fi\u015fimleri de yans\u0131tacak \u015fekilde her d\u00f6neme hitabeden bir bi\u00e7im alarak devam edegeldi\u011fini g\u00f6r\u00fcr\u00fcz.<\/p>\n<p>Her t\u00fcrl\u00fc olaya ve duruma uygun formlar\u0131 olan Adige selam bi\u00e7imi gelene\u011fimizde \u00f6nemli bir yere sahip olmas\u0131 yan\u0131 s\u0131ra ayn\u0131 zamanda s\u00f6zl\u00fc edebiyat\u0131m\u0131z a\u00e7\u0131s\u0131ndan da incelenmesi gereken g\u00fczel bir kaynakt\u0131r, der Askerbiy.<\/p>\n<p>\u0130\u015fte bu nedenle ya\u015fl\u0131 gen\u00e7 kad\u0131n erkek ay\u0131r\u0131m\u0131 yapmaks\u0131z\u0131n her Adige\u2019nin bilmesi gereken temel de\u011ferlerimizdendir Adige selamlama bi\u00e7imleri:<\/p>\n<p>Bir ki\u015fi \u00e7al\u0131\u015fan bir ki\u015finin veya ki\u015filerin yan\u0131na gitti\u011finde \u201c<b>uehu f|eh\u2019u ap\u015f\u2019iy<\/b>\u201d s\u00f6z\u00fc ile selamlar<\/p>\n<p>Selama muhatap ki\u015fi\/veya grup ise gelen ki\u015fiyi \u201c<b>ui uehu f|\u0131 yirik|ue<\/b>\u201d diyerek cevaplarlar<\/p>\n<p>Ot veya ekin bi\u00e7en birisinin yan\u0131na giden ki\u015fi \u201c<b>\u015eo\u015fh ap\u015f\u2019iy<\/b>\u201d s\u00f6z\u00fc ile selam verir \u201c<b>ui uehu f|\u0131 yirik|ue<\/b>\u201d s\u00f6z\u00fc ile selam\u0131 al\u0131n\u0131r.<\/p>\n<p>Tan\u0131\u015f\u0131p tan\u0131\u015fmad\u0131klar\u0131na bak\u0131lmaks\u0131z\u0131n bir ki\u015fi di\u011ferinin yan\u0131na geldi\u011finde \u201c<b>f|eh\u2019us ap\u015fiy<\/b>\u201d diyerek selam verir, di\u011fer ki\u015fi \u201c<b>ue psou ap\u015f\u2019iy<\/b>\u201d diyerek selam\u0131 al\u0131r.<\/p>\n<p>Selamla\u015fmadan hemen sonra ise \u201c<b>uzepe\u015f, uuz\u0131n\u015fe<\/b>\u201d s\u00f6z\u00fc ile hal hat\u0131r sorulur, buna cevap olarak \u201c<b>zepe\u015f\u2019 uh\u2019u , tx|am ui\u011fauz\u0131n\u015fe<\/b>\u201d c\u00fcmlesidir.<\/p>\n<p>Bir hasta ziyaretinde veya hastal\u0131k atlatm\u0131\u015f bir ki\u015fiyi ziyarette \u201c<b>lhepe mahue k\u2019\u0131ux|aj|ej<\/b>\u201d diyerek h\u2019ueh\u2019u selam\u0131 verilir.<\/p>\n<p>Yoldan d\u00f6nen ki\u015fi \u201c<b>oh\u2019us\u0131j<\/b>\u201d selam\u0131 ile kar\u015f\u0131lan\u0131r. Gelen ki\u015fi ise \u201c<b>upsouj<\/b>\u201d s\u00f6z\u00fc ile selam\u0131 al\u0131r.<\/p>\n<p>Uzun s\u00fcredir g\u00f6r\u00fc\u015fmemi\u015f ki\u015filer kar\u015f\u0131la\u015ft\u0131\u011f\u0131nda \u201c<b>ui l\u2019a\u011fuj f|\u0131ue<\/b>\u201c, \u201c<b>ueueri neh\u2019\u0131f|\u0131j\u0131ue<\/b>\u201d s\u00f6zleri ile selamla\u015f\u0131rlar.<\/p>\n<p>\u00c7ok samimi veya yak\u0131n ki\u015filerin kar\u015f\u0131la\u015fmas\u0131nda ise do\u011frudan tokala\u015f\u0131larak hat\u0131r sorulur.<\/p>\n<p>Zamana y\u00f6nelik bir ka\u00e7 \u00e7e\u015fit selam bi\u00e7imi vard\u0131r. Sabah i\u00e7in \u201c<b>ui p\u015fedc\u0131j| f|\u0131ue<\/b>\u201c, g\u00fcnd\u00fcz \u201c<b>ui mahue f|\u0131ue<\/b>\u201c, ak\u015fam \u201c<b>ui p\u015f\u0131x|a\u015fx|a f|\u0131ue<\/b>\u201c.<\/p>\n<p>Gece bir yerden ayr\u0131l\u0131rken \u201c<b>nehu l|ef| f\u0131k\u2019ik|<\/b>\u201d s\u00f6z\u00fc ile \u00e7\u0131k\u0131l\u0131r, yolcu eden ise \u201c\u011f<b>uegu mahue, f|\u0131k|e th|am unix|as\u0131j<\/b>\u201d s\u00f6z\u00fc ile u\u011furlar.<\/p>\n<p>Adigelerde hayata, ili\u015fkilere ve zamana y\u00f6nelik pek \u00e7ok selamla\u015fma bi\u00e7imi vard\u0131r. Biz burada onlardan sadece bir ka\u00e7 \u00f6rnek verdik. Bizim olan\u0131, bize ait olan\u0131 kullanmamakla onun yok olmas\u0131 aras\u0131nda bir fark yoktur.<\/p>\n<p>E\u011fer anadilimizi konu\u015facaksak onu en temiz \u015fekilde konu\u015fmak ve kullanmakla y\u00fck\u00fcml\u00fcy\u00fcz.<\/p>\n<p>Eskiler \u201cata miras\u0131 yedi nesil\u201d derler. Bizler de \u00e7ok eskilerden bize kadar ula\u015fan bu miras\u0131 korumak ve bir sonraki nesile aktarmakla y\u00fck\u00fcml\u00fc oldu\u011fumuzu bilmeli s\u00f6zl\u00fc gelene\u011fimize hak etti\u011fi de\u011feri vererek g\u00fcnl\u00fck ya\u015famda kullanmaya gayret etmeliyiz.<\/p>\n<p><b>NOT: <\/b>Eski Adige selam formlar\u0131 YER\u00c7EN Xam\u0131rze taraf\u0131ndan derlenerek kay\u0131t alt\u0131na al\u0131nm\u0131\u015f, \u015e\u011eEN Xaze\u015fe taraf\u0131ndan da bir kitap haline getirilerek yay\u0131nlanm\u0131\u015ft\u0131r.<\/p>\n<p><strong><a href=\"http:\/\/www.circassiancenter.com\/\">Kaynak\u00e7a: www.circassiancenter.com<\/a><\/strong><\/p>\n<p>&nbsp;<\/p>\n","protected":false},"excerpt":{"rendered":"<p>K|URA&#350;IN Betal F|eh&rdquo;us Ap&#351;&rsquo;iy isimli kitab&#305;ndan &Ccedil;eviri: BABUG Erg&uuml;n Y&#305;ld&#305;z Selamla&#351;ma gelene&#287;i insanl&#305;&#287;&#305;n yarat&#305;l&#305;&#351;&#305;ndan bu yana istisnas&#305;z t&uuml;m toplumlarda m&uuml;&#351;terek bir davran&#305;&#351; bi&ccedil;imi olarak devam edegelir. &#304;lk &ccedil;a&#287;larda iki insan kar&#351;&#305;la&#351;t&#305;&#287;&#305;nda silahl&#305; olmad&#305;klar&#305;n&#305;, silahl&#305; olsalar bile birbirlerine kar&#351;&#305; kullanmayacaklar&#305;n&#305; g&ouml;stermek i&ccedil;in ellerini uzat&#305;r tokala&#351;&#305;rlarm&#305;&#351;. O d&ouml;nemlerden ba&#351;layarak g&uuml;n&uuml;m&uuml;ze kadar ula&#351;an selamla&#351;ma gelene&#287;i pek &ccedil;ok ortak [&hellip;]<\/p>\n","protected":false},"author":1,"featured_media":0,"comment_status":"open","ping_status":"open","sticky":false,"template":"","format":"standard","meta":{"ocean_post_layout":"","ocean_both_sidebars_style":"","ocean_both_sidebars_content_width":0,"ocean_both_sidebars_sidebars_width":0,"ocean_sidebar":"0","ocean_second_sidebar":"0","ocean_disable_margins":"enable","ocean_add_body_class":"","ocean_shortcode_before_top_bar":"","ocean_shortcode_after_top_bar":"","ocean_shortcode_before_header":"","ocean_shortcode_after_header":"","ocean_has_shortcode":"","ocean_shortcode_after_title":"","ocean_shortcode_before_footer_widgets":"","ocean_shortcode_after_footer_widgets":"","ocean_shortcode_before_footer_bottom":"","ocean_shortcode_after_footer_bottom":"","ocean_display_top_bar":"default","ocean_display_header":"default","ocean_header_style":"","ocean_center_header_left_menu":"0","ocean_custom_header_template":"0","ocean_custom_logo":0,"ocean_custom_retina_logo":0,"ocean_custom_logo_max_width":0,"ocean_custom_logo_tablet_max_width":0,"ocean_custom_logo_mobile_max_width":0,"ocean_custom_logo_max_height":0,"ocean_custom_logo_tablet_max_height":0,"ocean_custom_logo_mobile_max_height":0,"ocean_header_custom_menu":"0","ocean_menu_typo_font_family":"0","ocean_menu_typo_font_subset":"","ocean_menu_typo_font_size":0,"ocean_menu_typo_font_size_tablet":0,"ocean_menu_typo_font_size_mobile":0,"ocean_menu_typo_font_size_unit":"px","ocean_menu_typo_font_weight":"","ocean_menu_typo_font_weight_tablet":"","ocean_menu_typo_font_weight_mobile":"","ocean_menu_typo_transform":"","ocean_menu_typo_transform_tablet":"","ocean_menu_typo_transform_mobile":"","ocean_menu_typo_line_height":0,"ocean_menu_typo_line_height_tablet":0,"ocean_menu_typo_line_height_mobile":0,"ocean_menu_typo_line_height_unit":"","ocean_menu_typo_spacing":0,"ocean_menu_typo_spacing_tablet":0,"ocean_menu_typo_spacing_mobile":0,"ocean_menu_typo_spacing_unit":"","ocean_menu_link_color":"","ocean_menu_link_color_hover":"","ocean_menu_link_color_active":"","ocean_menu_link_background":"","ocean_menu_link_hover_background":"","ocean_menu_link_active_background":"","ocean_menu_social_links_bg":"","ocean_menu_social_hover_links_bg":"","ocean_menu_social_links_color":"","ocean_menu_social_hover_links_color":"","ocean_disable_title":"default","ocean_disable_heading":"default","ocean_post_title":"","ocean_post_subheading":"","ocean_post_title_style":"","ocean_post_title_background_color":"","ocean_post_title_background":0,"ocean_post_title_bg_image_position":"","ocean_post_title_bg_image_attachment":"","ocean_post_title_bg_image_repeat":"","ocean_post_title_bg_image_size":"","ocean_post_title_height":0,"ocean_post_title_bg_overlay":0.5,"ocean_post_title_bg_overlay_color":"","ocean_disable_breadcrumbs":"default","ocean_breadcrumbs_color":"","ocean_breadcrumbs_separator_color":"","ocean_breadcrumbs_links_color":"","ocean_breadcrumbs_links_hover_color":"","ocean_display_footer_widgets":"default","ocean_display_footer_bottom":"default","ocean_custom_footer_template":"0","ocean_post_oembed":"","ocean_post_self_hosted_media":"","ocean_post_video_embed":"","ocean_link_format":"","ocean_link_format_target":"self","ocean_quote_format":"","ocean_quote_format_link":"post","ocean_gallery_link_images":"on","ocean_gallery_id":[],"footnotes":""},"categories":[12],"tags":[],"class_list":["post-4436","post","type-post","status-publish","format-standard","hentry","category-adige-xabze-makaleleri","entry"],"_links":{"self":[{"href":"http:\/\/christiancircassians.com\/tr\/wp-json\/wp\/v2\/posts\/4436","targetHints":{"allow":["GET"]}}],"collection":[{"href":"http:\/\/christiancircassians.com\/tr\/wp-json\/wp\/v2\/posts"}],"about":[{"href":"http:\/\/christiancircassians.com\/tr\/wp-json\/wp\/v2\/types\/post"}],"author":[{"embeddable":true,"href":"http:\/\/christiancircassians.com\/tr\/wp-json\/wp\/v2\/users\/1"}],"replies":[{"embeddable":true,"href":"http:\/\/christiancircassians.com\/tr\/wp-json\/wp\/v2\/comments?post=4436"}],"version-history":[{"count":2,"href":"http:\/\/christiancircassians.com\/tr\/wp-json\/wp\/v2\/posts\/4436\/revisions"}],"predecessor-version":[{"id":4465,"href":"http:\/\/christiancircassians.com\/tr\/wp-json\/wp\/v2\/posts\/4436\/revisions\/4465"}],"wp:attachment":[{"href":"http:\/\/christiancircassians.com\/tr\/wp-json\/wp\/v2\/media?parent=4436"}],"wp:term":[{"taxonomy":"category","embeddable":true,"href":"http:\/\/christiancircassians.com\/tr\/wp-json\/wp\/v2\/categories?post=4436"},{"taxonomy":"post_tag","embeddable":true,"href":"http:\/\/christiancircassians.com\/tr\/wp-json\/wp\/v2\/tags?post=4436"}],"curies":[{"name":"wp","href":"https:\/\/api.w.org\/{rel}","templated":true}]}}